{"id":25575,"date":"2025-09-25T17:41:37","date_gmt":"2025-09-25T15:41:37","guid":{"rendered":"https:\/\/autoeditor.fachbau.ch\/de\/intelligent-bauen\/2025-09-25\/mycation-gewinnt-blue-news-admeira-und-apg-sga-als-medienpartner-7\/"},"modified":"2025-09-25T17:41:37","modified_gmt":"2025-09-25T15:41:37","slug":"mycation-gewinnt-blue-news-admeira-und-apg-sga-als-medienpartner-7","status":"publish","type":"post","link":"https:\/\/autoeditor.fachbau.ch\/de\/intelligent-bauen\/2025-09-25\/mycation-gewinnt-blue-news-admeira-und-apg-sga-als-medienpartner-7\/","title":{"rendered":"Mycation gewinnt blue News, Admeira und APG SGA als Medienpartner"},"content":{"rendered":"<figure><img src='https:\/\/autoeditor.fachbau.ch\/wp-content\/uploads\/2025\/09\/Larissa-Laudadio-Managing-Director-mycation-7-scaled.jpg' alt='Larissa Laudadio, Managing Director mycation' \/><figcaption>Larissa Laudadio, Managing Director Mycation (Bild: zvg)<\/figcaption><\/figure>\n<p>Die neue Schweizer Medienmarke Mycation baut ihre Pr\u00e4senz im Schweizer Markt weiter aus. Mit drei strategischen Partnerschaften in den Bereichen TV, Out of Home sowie News vervollst\u00e4ndigt das Unternehmen seine crossmediale Pr\u00e4senz in der Schweiz. Seit Anfang des Jahres berichtet ein sechsk\u00f6pfiges Redaktionsteam mit Unterst\u00fctzung von erfahrenen Reisejournalist:innen und Content Creators \u00fcber aussergew\u00f6hnliche Reisen, praktische Travel Hacks und vielf\u00e4ltige Freizeittipps.<\/p>\n<h2>Redaktionelle Partnerschaft mit blue News<\/h2>\n<p>Als drittgr\u00f6sstes Online-Newsportal der Schweiz publiziert blue News zweimal monatlich Mycation-Inhalte mit fundierter Reiseinspiration aus der Schweiz und der Welt sowie Tipps und Reisetrends. \u00abReiseinhalte sind eine der inspirierendsten Content-Formen \u00fcberhaupt. Wir freuen uns \u00fcber die redaktionelle Zusammenarbeit \u2013 und unserer Leserschaft gefallen die Inhalte ebenfalls\u00bb, sagt Sven Ziegler, Leiter Desk bei blue News.<\/p>\n<figure><img src='https:\/\/autoeditor.fachbau.ch\/wp-content\/uploads\/2025\/09\/mycation-Hosts-Karin-Bearpark-Podcast-Host-Marina-Meier-DJ-INAMAR-Host-von-mycation-music-Sarah-Kmochova-und-Emel-Akdag-Social-Media-8.jpg' alt='mycation Hosts' \/><figcaption>Mycation Hosts: Karin Bearpark (Podcast Host), Marina Meier (DJ INAMAR, Host von Mycation music), Sarah Kmochova und Emel Akdag (Social Media) (Bild: zvg)<\/figcaption><\/figure>\n<h2>Crossmediale Pr\u00e4senz ausgebaut<\/h2>\n<p>In Zusammenarbeit mit Admeira erschliesst Mycation neue TV-Umfelder f\u00fcr inspirierende Reisethemen. Die j\u00fcngste TV-Kampagne auf den SRF-Sendern erzielte innerhalb von zwei Wochen \u00fcber 650&#8217;000 Sichtkontakte. \u00abMycation spricht eine reisefreudige Zielgruppe auf eine frische, emotionale Weise an \u2013 das passt perfekt zu den reichweitenstarken Umfeldern auf SRF\u00bb, erkl\u00e4rt Thomas Gierling, Head of Sales International bei Admeira.<\/p>\n<p>Mit APG SGA bringt Mycation seine Inhalte zudem auf digitale Werbefl\u00e4chen im \u00f6ffentlichen Raum: DOOH-Kampagnen auf attraktiven eBoards in den Hauptbahnh\u00f6fen Z\u00fcrich, Bern und Basel sorgen f\u00fcr maximale Sichtbarkeit. \u00abMit Mycation bringen wir Reise- und Freizeitideen auf unsere Screens \u2013 direkt in den Alltag der Menschen\u00bb, sagt Michael Sutter, Verkaufsleiter Regionen Mitte, Zentral und Nord bei der APG SGA.<\/p>\n<figure><img src='https:\/\/autoeditor.fachbau.ch\/wp-content\/uploads\/2025\/09\/mycation20Hosts_20Karimycation20music-20.jpg' alt='Mycation Hosts' \/><figcaption>Mycation setzt auf crossmediale Pr\u00e4senz (Bild: zvg)<\/figcaption><\/figure>\n<p>Mit der Verbindung von Website, Social Media, Podcast, DOOH und TV schafft Mycation ein multisensorisches \u00d6kosystem, angepasst auf die Bed\u00fcrfnisse und Vorlieben der Schweizer:innen. Nationale und internationale Werbepartner wie Hertz, Samsonite, Sri Lanka oder Shoppi Tivoli werben bereits im Mycation-\u00d6kosystem.<\/p>\n","protected":false},"excerpt":{"rendered":"<p>Die neue Schweizer Medienmarke Mycation erweitert ihre Marktpr\u00e4senz durch Partnerschaften mit drei f\u00fchrenden Schweizer Medienunternehmen. In Zusammenarbeit mit blue News, Admeira und der APG SGA etabliert Mycation neue Standards f\u00fcr datengetriebenes Traveltelling im redaktionellen und werblichen Bereich.<\/p>\n","protected":false},"author":3231,"featured_media":0,"comment_status":"closed","ping_status":"closed","sticky":false,"template":"","format":"standard","meta":{"_acf_changed":false,"_yoast_wpseo_focuskw":"","_yoast_wpseo_metadesc":"","footnotes":""},"categories":[],"tags":[],"class_list":["post-25575","post","type-post","status-publish","format-standard","hentry"],"acf":[],"yoast_head":"<!-- This site is optimized with the Yoast SEO plugin v27.4 - https:\/\/yoast.com\/product\/yoast-seo-wordpress\/ -->\n<title>Mycation gewinnt blue News, Admeira und APG SGA als Medienpartner - autoeditor.fachbau.ch<\/title>\n<meta name=\"robots\" content=\"index, follow, max-snippet:-1, max-image-preview:large, max-video-preview:-1\" \/>\n<link rel=\"canonical\" href=\"https:\/\/autoeditor.fachbau.ch\/de\/intelligent-bauen\/2025-09-25\/mycation-gewinnt-blue-news-admeira-und-apg-sga-als-medienpartner-7\/\" \/>\n<meta property=\"og:locale\" content=\"de_DE\" \/>\n<meta property=\"og:type\" content=\"article\" \/>\n<meta property=\"og:title\" content=\"Mycation gewinnt blue News, Admeira und APG SGA als Medienpartner - autoeditor.fachbau.ch\" \/>\n<meta property=\"og:description\" content=\"Die neue Schweizer Medienmarke Mycation erweitert ihre Marktpr\u00e4senz durch Partnerschaften mit drei f\u00fchrenden Schweizer Medienunternehmen. In Zusammenarbeit mit blue News, Admeira und der APG SGA etabliert Mycation neue Standards f\u00fcr datengetriebenes Traveltelling im redaktionellen und werblichen Bereich.\" \/>\n<meta property=\"og:url\" content=\"https:\/\/autoeditor.fachbau.ch\/de\/intelligent-bauen\/2025-09-25\/mycation-gewinnt-blue-news-admeira-und-apg-sga-als-medienpartner-7\/\" \/>\n<meta property=\"og:site_name\" content=\"autoeditor.fachbau.ch\" \/>\n<meta property=\"article:published_time\" content=\"2025-09-25T15:41:37+00:00\" \/>\n<meta property=\"og:image\" content=\"https:\/\/autoeditor.fachbau.ch\/wp-content\/uploads\/2025\/09\/Larissa-Laudadio-Managing-Director-mycation-7-scaled.jpg\" \/>\n<meta name=\"author\" content=\"n8n\" \/>\n<meta name=\"twitter:card\" content=\"summary_large_image\" \/>\n<meta name=\"twitter:label1\" content=\"Verfasst von\" \/>\n\t<meta name=\"twitter:data1\" content=\"n8n\" \/>\n\t<meta name=\"twitter:label2\" content=\"Gesch\u00e4tzte Lesezeit\" \/>\n\t<meta name=\"twitter:data2\" content=\"2\u00a0Minuten\" \/>\n<script type=\"application\/ld+json\" class=\"yoast-schema-graph\">{\"@context\":\"https:\\\/\\\/schema.org\",\"@graph\":[{\"@type\":\"Article\",\"@id\":\"https:\\\/\\\/autoeditor.fachbau.ch\\\/de\\\/intelligent-bauen\\\/2025-09-25\\\/mycation-gewinnt-blue-news-admeira-und-apg-sga-als-medienpartner-7\\\/#article\",\"isPartOf\":{\"@id\":\"https:\\\/\\\/autoeditor.fachbau.ch\\\/de\\\/intelligent-bauen\\\/2025-09-25\\\/mycation-gewinnt-blue-news-admeira-und-apg-sga-als-medienpartner-7\\\/\"},\"author\":{\"name\":\"n8n\",\"@id\":\"https:\\\/\\\/autoeditor.fachbau.ch\\\/#\\\/schema\\\/person\\\/3d4d3579814f749cfabeb517dd65ca3b\"},\"headline\":\"Mycation gewinnt blue News, Admeira und APG SGA als Medienpartner\",\"datePublished\":\"2025-09-25T15:41:37+00:00\",\"mainEntityOfPage\":{\"@id\":\"https:\\\/\\\/autoeditor.fachbau.ch\\\/de\\\/intelligent-bauen\\\/2025-09-25\\\/mycation-gewinnt-blue-news-admeira-und-apg-sga-als-medienpartner-7\\\/\"},\"wordCount\":340,\"publisher\":{\"@id\":\"https:\\\/\\\/autoeditor.fachbau.ch\\\/#organization\"},\"image\":{\"@id\":\"https:\\\/\\\/autoeditor.fachbau.ch\\\/de\\\/intelligent-bauen\\\/2025-09-25\\\/mycation-gewinnt-blue-news-admeira-und-apg-sga-als-medienpartner-7\\\/#primaryimage\"},\"thumbnailUrl\":\"https:\\\/\\\/autoeditor.fachbau.ch\\\/wp-content\\\/uploads\\\/2025\\\/09\\\/Larissa-Laudadio-Managing-Director-mycation-7-scaled.jpg\",\"inLanguage\":\"de\"},{\"@type\":\"WebPage\",\"@id\":\"https:\\\/\\\/autoeditor.fachbau.ch\\\/de\\\/intelligent-bauen\\\/2025-09-25\\\/mycation-gewinnt-blue-news-admeira-und-apg-sga-als-medienpartner-7\\\/\",\"url\":\"https:\\\/\\\/autoeditor.fachbau.ch\\\/de\\\/intelligent-bauen\\\/2025-09-25\\\/mycation-gewinnt-blue-news-admeira-und-apg-sga-als-medienpartner-7\\\/\",\"name\":\"Mycation gewinnt blue News, Admeira und APG SGA als Medienpartner - autoeditor.fachbau.ch\",\"isPartOf\":{\"@id\":\"https:\\\/\\\/autoeditor.fachbau.ch\\\/#website\"},\"primaryImageOfPage\":{\"@id\":\"https:\\\/\\\/autoeditor.fachbau.ch\\\/de\\\/intelligent-bauen\\\/2025-09-25\\\/mycation-gewinnt-blue-news-admeira-und-apg-sga-als-medienpartner-7\\\/#primaryimage\"},\"image\":{\"@id\":\"https:\\\/\\\/autoeditor.fachbau.ch\\\/de\\\/intelligent-bauen\\\/2025-09-25\\\/mycation-gewinnt-blue-news-admeira-und-apg-sga-als-medienpartner-7\\\/#primaryimage\"},\"thumbnailUrl\":\"https:\\\/\\\/autoeditor.fachbau.ch\\\/wp-content\\\/uploads\\\/2025\\\/09\\\/Larissa-Laudadio-Managing-Director-mycation-7-scaled.jpg\",\"datePublished\":\"2025-09-25T15:41:37+00:00\",\"breadcrumb\":{\"@id\":\"https:\\\/\\\/autoeditor.fachbau.ch\\\/de\\\/intelligent-bauen\\\/2025-09-25\\\/mycation-gewinnt-blue-news-admeira-und-apg-sga-als-medienpartner-7\\\/#breadcrumb\"},\"inLanguage\":\"de\",\"potentialAction\":[{\"@type\":\"ReadAction\",\"target\":[\"https:\\\/\\\/autoeditor.fachbau.ch\\\/de\\\/intelligent-bauen\\\/2025-09-25\\\/mycation-gewinnt-blue-news-admeira-und-apg-sga-als-medienpartner-7\\\/\"]}]},{\"@type\":\"ImageObject\",\"inLanguage\":\"de\",\"@id\":\"https:\\\/\\\/autoeditor.fachbau.ch\\\/de\\\/intelligent-bauen\\\/2025-09-25\\\/mycation-gewinnt-blue-news-admeira-und-apg-sga-als-medienpartner-7\\\/#primaryimage\",\"url\":\"https:\\\/\\\/autoeditor.fachbau.ch\\\/wp-content\\\/uploads\\\/2025\\\/09\\\/Larissa-Laudadio-Managing-Director-mycation-7-scaled.jpg\",\"contentUrl\":\"https:\\\/\\\/autoeditor.fachbau.ch\\\/wp-content\\\/uploads\\\/2025\\\/09\\\/Larissa-Laudadio-Managing-Director-mycation-7-scaled.jpg\"},{\"@type\":\"BreadcrumbList\",\"@id\":\"https:\\\/\\\/autoeditor.fachbau.ch\\\/de\\\/intelligent-bauen\\\/2025-09-25\\\/mycation-gewinnt-blue-news-admeira-und-apg-sga-als-medienpartner-7\\\/#breadcrumb\",\"itemListElement\":[{\"@type\":\"ListItem\",\"position\":1,\"name\":\"Startseite\",\"item\":\"https:\\\/\\\/autoeditor.fachbau.ch\\\/\"},{\"@type\":\"ListItem\",\"position\":2,\"name\":\"Mycation gewinnt blue News, Admeira und APG SGA als Medienpartner\"}]},{\"@type\":\"WebSite\",\"@id\":\"https:\\\/\\\/autoeditor.fachbau.ch\\\/#website\",\"url\":\"https:\\\/\\\/autoeditor.fachbau.ch\\\/\",\"name\":\"autoeditor.fachbau.ch\",\"description\":\"\",\"publisher\":{\"@id\":\"https:\\\/\\\/autoeditor.fachbau.ch\\\/#organization\"},\"potentialAction\":[{\"@type\":\"SearchAction\",\"target\":{\"@type\":\"EntryPoint\",\"urlTemplate\":\"https:\\\/\\\/autoeditor.fachbau.ch\\\/?s={search_term_string}\"},\"query-input\":{\"@type\":\"PropertyValueSpecification\",\"valueRequired\":true,\"valueName\":\"search_term_string\"}}],\"inLanguage\":\"de\"},{\"@type\":\"Organization\",\"@id\":\"https:\\\/\\\/autoeditor.fachbau.ch\\\/#organization\",\"name\":\"autoeditor.fachbau.ch\",\"url\":\"https:\\\/\\\/autoeditor.fachbau.ch\\\/\",\"logo\":{\"@type\":\"ImageObject\",\"inLanguage\":\"de\",\"@id\":\"https:\\\/\\\/autoeditor.fachbau.ch\\\/#\\\/schema\\\/logo\\\/image\\\/\",\"url\":\"https:\\\/\\\/autoeditor.fachbau.ch\\\/wp-content\\\/uploads\\\/2025\\\/05\\\/logo.svg\",\"contentUrl\":\"https:\\\/\\\/autoeditor.fachbau.ch\\\/wp-content\\\/uploads\\\/2025\\\/05\\\/logo.svg\",\"width\":763,\"height\":536,\"caption\":\"autoeditor.fachbau.ch\"},\"image\":{\"@id\":\"https:\\\/\\\/autoeditor.fachbau.ch\\\/#\\\/schema\\\/logo\\\/image\\\/\"}},{\"@type\":\"Person\",\"@id\":\"https:\\\/\\\/autoeditor.fachbau.ch\\\/#\\\/schema\\\/person\\\/3d4d3579814f749cfabeb517dd65ca3b\",\"name\":\"n8n\",\"image\":{\"@type\":\"ImageObject\",\"inLanguage\":\"de\",\"@id\":\"https:\\\/\\\/secure.gravatar.com\\\/avatar\\\/78a7f90c01fc2bfc875782a0d4922b37cde2cf184ce347b91316d23cd7f69a36?s=96&d=mm&r=g\",\"url\":\"https:\\\/\\\/secure.gravatar.com\\\/avatar\\\/78a7f90c01fc2bfc875782a0d4922b37cde2cf184ce347b91316d23cd7f69a36?s=96&d=mm&r=g\",\"contentUrl\":\"https:\\\/\\\/secure.gravatar.com\\\/avatar\\\/78a7f90c01fc2bfc875782a0d4922b37cde2cf184ce347b91316d23cd7f69a36?s=96&d=mm&r=g\",\"caption\":\"n8n\"},\"url\":\"https:\\\/\\\/autoeditor.fachbau.ch\\\/de\\\/author\\\/n8n\\\/\"}]}<\/script>\n<!-- \/ Yoast SEO plugin. -->","yoast_head_json":{"title":"Mycation gewinnt blue News, Admeira und APG SGA als Medienpartner - autoeditor.fachbau.ch","robots":{"index":"index","follow":"follow","max-snippet":"max-snippet:-1","max-image-preview":"max-image-preview:large","max-video-preview":"max-video-preview:-1"},"canonical":"https:\/\/autoeditor.fachbau.ch\/de\/intelligent-bauen\/2025-09-25\/mycation-gewinnt-blue-news-admeira-und-apg-sga-als-medienpartner-7\/","og_locale":"de_DE","og_type":"article","og_title":"Mycation gewinnt blue News, Admeira und APG SGA als Medienpartner - autoeditor.fachbau.ch","og_description":"Die neue Schweizer Medienmarke Mycation erweitert ihre Marktpr\u00e4senz durch Partnerschaften mit drei f\u00fchrenden Schweizer Medienunternehmen. In Zusammenarbeit mit blue News, Admeira und der APG SGA etabliert Mycation neue Standards f\u00fcr datengetriebenes Traveltelling im redaktionellen und werblichen Bereich.","og_url":"https:\/\/autoeditor.fachbau.ch\/de\/intelligent-bauen\/2025-09-25\/mycation-gewinnt-blue-news-admeira-und-apg-sga-als-medienpartner-7\/","og_site_name":"autoeditor.fachbau.ch","article_published_time":"2025-09-25T15:41:37+00:00","og_image":[{"url":"https:\/\/autoeditor.fachbau.ch\/wp-content\/uploads\/2025\/09\/Larissa-Laudadio-Managing-Director-mycation-7-scaled.jpg","type":"","width":"","height":""}],"author":"n8n","twitter_card":"summary_large_image","twitter_misc":{"Verfasst von":"n8n","Gesch\u00e4tzte Lesezeit":"2\u00a0Minuten"},"schema":{"@context":"https:\/\/schema.org","@graph":[{"@type":"Article","@id":"https:\/\/autoeditor.fachbau.ch\/de\/intelligent-bauen\/2025-09-25\/mycation-gewinnt-blue-news-admeira-und-apg-sga-als-medienpartner-7\/#article","isPartOf":{"@id":"https:\/\/autoeditor.fachbau.ch\/de\/intelligent-bauen\/2025-09-25\/mycation-gewinnt-blue-news-admeira-und-apg-sga-als-medienpartner-7\/"},"author":{"name":"n8n","@id":"https:\/\/autoeditor.fachbau.ch\/#\/schema\/person\/3d4d3579814f749cfabeb517dd65ca3b"},"headline":"Mycation gewinnt blue News, Admeira und APG SGA als Medienpartner","datePublished":"2025-09-25T15:41:37+00:00","mainEntityOfPage":{"@id":"https:\/\/autoeditor.fachbau.ch\/de\/intelligent-bauen\/2025-09-25\/mycation-gewinnt-blue-news-admeira-und-apg-sga-als-medienpartner-7\/"},"wordCount":340,"publisher":{"@id":"https:\/\/autoeditor.fachbau.ch\/#organization"},"image":{"@id":"https:\/\/autoeditor.fachbau.ch\/de\/intelligent-bauen\/2025-09-25\/mycation-gewinnt-blue-news-admeira-und-apg-sga-als-medienpartner-7\/#primaryimage"},"thumbnailUrl":"https:\/\/autoeditor.fachbau.ch\/wp-content\/uploads\/2025\/09\/Larissa-Laudadio-Managing-Director-mycation-7-scaled.jpg","inLanguage":"de"},{"@type":"WebPage","@id":"https:\/\/autoeditor.fachbau.ch\/de\/intelligent-bauen\/2025-09-25\/mycation-gewinnt-blue-news-admeira-und-apg-sga-als-medienpartner-7\/","url":"https:\/\/autoeditor.fachbau.ch\/de\/intelligent-bauen\/2025-09-25\/mycation-gewinnt-blue-news-admeira-und-apg-sga-als-medienpartner-7\/","name":"Mycation gewinnt blue News, Admeira und APG SGA als Medienpartner - autoeditor.fachbau.ch","isPartOf":{"@id":"https:\/\/autoeditor.fachbau.ch\/#website"},"primaryImageOfPage":{"@id":"https:\/\/autoeditor.fachbau.ch\/de\/intelligent-bauen\/2025-09-25\/mycation-gewinnt-blue-news-admeira-und-apg-sga-als-medienpartner-7\/#primaryimage"},"image":{"@id":"https:\/\/autoeditor.fachbau.ch\/de\/intelligent-bauen\/2025-09-25\/mycation-gewinnt-blue-news-admeira-und-apg-sga-als-medienpartner-7\/#primaryimage"},"thumbnailUrl":"https:\/\/autoeditor.fachbau.ch\/wp-content\/uploads\/2025\/09\/Larissa-Laudadio-Managing-Director-mycation-7-scaled.jpg","datePublished":"2025-09-25T15:41:37+00:00","breadcrumb":{"@id":"https:\/\/autoeditor.fachbau.ch\/de\/intelligent-bauen\/2025-09-25\/mycation-gewinnt-blue-news-admeira-und-apg-sga-als-medienpartner-7\/#breadcrumb"},"inLanguage":"de","potentialAction":[{"@type":"ReadAction","target":["https:\/\/autoeditor.fachbau.ch\/de\/intelligent-bauen\/2025-09-25\/mycation-gewinnt-blue-news-admeira-und-apg-sga-als-medienpartner-7\/"]}]},{"@type":"ImageObject","inLanguage":"de","@id":"https:\/\/autoeditor.fachbau.ch\/de\/intelligent-bauen\/2025-09-25\/mycation-gewinnt-blue-news-admeira-und-apg-sga-als-medienpartner-7\/#primaryimage","url":"https:\/\/autoeditor.fachbau.ch\/wp-content\/uploads\/2025\/09\/Larissa-Laudadio-Managing-Director-mycation-7-scaled.jpg","contentUrl":"https:\/\/autoeditor.fachbau.ch\/wp-content\/uploads\/2025\/09\/Larissa-Laudadio-Managing-Director-mycation-7-scaled.jpg"},{"@type":"BreadcrumbList","@id":"https:\/\/autoeditor.fachbau.ch\/de\/intelligent-bauen\/2025-09-25\/mycation-gewinnt-blue-news-admeira-und-apg-sga-als-medienpartner-7\/#breadcrumb","itemListElement":[{"@type":"ListItem","position":1,"name":"Startseite","item":"https:\/\/autoeditor.fachbau.ch\/"},{"@type":"ListItem","position":2,"name":"Mycation gewinnt blue News, Admeira und APG SGA als Medienpartner"}]},{"@type":"WebSite","@id":"https:\/\/autoeditor.fachbau.ch\/#website","url":"https:\/\/autoeditor.fachbau.ch\/","name":"autoeditor.fachbau.ch","description":"","publisher":{"@id":"https:\/\/autoeditor.fachbau.ch\/#organization"},"potentialAction":[{"@type":"SearchAction","target":{"@type":"EntryPoint","urlTemplate":"https:\/\/autoeditor.fachbau.ch\/?s={search_term_string}"},"query-input":{"@type":"PropertyValueSpecification","valueRequired":true,"valueName":"search_term_string"}}],"inLanguage":"de"},{"@type":"Organization","@id":"https:\/\/autoeditor.fachbau.ch\/#organization","name":"autoeditor.fachbau.ch","url":"https:\/\/autoeditor.fachbau.ch\/","logo":{"@type":"ImageObject","inLanguage":"de","@id":"https:\/\/autoeditor.fachbau.ch\/#\/schema\/logo\/image\/","url":"https:\/\/autoeditor.fachbau.ch\/wp-content\/uploads\/2025\/05\/logo.svg","contentUrl":"https:\/\/autoeditor.fachbau.ch\/wp-content\/uploads\/2025\/05\/logo.svg","width":763,"height":536,"caption":"autoeditor.fachbau.ch"},"image":{"@id":"https:\/\/autoeditor.fachbau.ch\/#\/schema\/logo\/image\/"}},{"@type":"Person","@id":"https:\/\/autoeditor.fachbau.ch\/#\/schema\/person\/3d4d3579814f749cfabeb517dd65ca3b","name":"n8n","image":{"@type":"ImageObject","inLanguage":"de","@id":"https:\/\/secure.gravatar.com\/avatar\/78a7f90c01fc2bfc875782a0d4922b37cde2cf184ce347b91316d23cd7f69a36?s=96&d=mm&r=g","url":"https:\/\/secure.gravatar.com\/avatar\/78a7f90c01fc2bfc875782a0d4922b37cde2cf184ce347b91316d23cd7f69a36?s=96&d=mm&r=g","contentUrl":"https:\/\/secure.gravatar.com\/avatar\/78a7f90c01fc2bfc875782a0d4922b37cde2cf184ce347b91316d23cd7f69a36?s=96&d=mm&r=g","caption":"n8n"},"url":"https:\/\/autoeditor.fachbau.ch\/de\/author\/n8n\/"}]}},"_links":{"self":[{"href":"https:\/\/autoeditor.fachbau.ch\/de\/wp-json\/wp\/v2\/posts\/25575","targetHints":{"allow":["GET"]}}],"collection":[{"href":"https:\/\/autoeditor.fachbau.ch\/de\/wp-json\/wp\/v2\/posts"}],"about":[{"href":"https:\/\/autoeditor.fachbau.ch\/de\/wp-json\/wp\/v2\/types\/post"}],"author":[{"embeddable":true,"href":"https:\/\/autoeditor.fachbau.ch\/de\/wp-json\/wp\/v2\/users\/3231"}],"replies":[{"embeddable":true,"href":"https:\/\/autoeditor.fachbau.ch\/de\/wp-json\/wp\/v2\/comments?post=25575"}],"version-history":[{"count":0,"href":"https:\/\/autoeditor.fachbau.ch\/de\/wp-json\/wp\/v2\/posts\/25575\/revisions"}],"wp:attachment":[{"href":"https:\/\/autoeditor.fachbau.ch\/de\/wp-json\/wp\/v2\/media?parent=25575"}],"wp:term":[{"taxonomy":"category","embeddable":true,"href":"https:\/\/autoeditor.fachbau.ch\/de\/wp-json\/wp\/v2\/categories?post=25575"},{"taxonomy":"post_tag","embeddable":true,"href":"https:\/\/autoeditor.fachbau.ch\/de\/wp-json\/wp\/v2\/tags?post=25575"}],"curies":[{"name":"wp","href":"https:\/\/api.w.org\/{rel}","templated":true}]}}