{"id":25597,"date":"2025-09-25T20:55:22","date_gmt":"2025-09-25T18:55:22","guid":{"rendered":"https:\/\/autoeditor.fachbau.ch\/de\/intelligent-bauen\/2025-09-25\/neue-agentur-flayr-startet-in-zuerich-mit-ganzheitlichem-ansatz\/"},"modified":"2025-09-25T20:55:22","modified_gmt":"2025-09-25T18:55:22","slug":"neue-agentur-flayr-startet-in-zuerich-mit-ganzheitlichem-ansatz","status":"publish","type":"post","link":"https:\/\/autoeditor.fachbau.ch\/de\/intelligent-bauen\/2025-09-25\/neue-agentur-flayr-startet-in-zuerich-mit-ganzheitlichem-ansatz\/","title":{"rendered":"Neue Agentur Flayr startet in Z\u00fcrich mit ganzheitlichem Ansatz"},"content":{"rendered":"<figure><img decoding=\"async\" src=\"https:\/\/autoeditor.fachbau.ch\/wp-content\/uploads\/2025\/09\/FLAYR_Geschaeftsleitungzh-2.jpg\" alt=\"Die Gesch\u00e4ftsleitung von Flayr in Z\u00fcrich\" \/><figcaption>Die Gesch\u00e4ftsleitung von Flayr (Bild: zvg)<\/figcaption><\/figure>\n<p>Drei erfahrene K\u00f6pfe der Kommunikationsbranche haben sich zusammengetan, um mit der Flayr eine neue Art von Agentur zu etablieren. Der Ansatz: schlank, nachhaltig und ohne Umwege von der Ideenfindung bis zur Produktion.<\/p>\n<h2>Von der Vision zum fertigen Produkt<\/h2>\n<p>Die Agentur positioniert sich bewusst als Umsetzer und nicht als reine Ideenschmiede. \u00abAgentur 267 in Z\u00fcrich\u00bb will Flayr dabei bewusst nicht sein. Von Beginn an verbindet das interdisziplin\u00e4re Team Kreativit\u00e4t, Produktions-Know-how und Strategie. Diese integrierte Herangehensweise erm\u00f6glicht es, potenzielle Herausforderungen fr\u00fchzeitig zu erkennen und praktikable L\u00f6sungen zu entwickeln.<\/p>\n<p>Ein besonderer Fokus liegt auf der intelligenten Nutzung von KI \u2013 nicht als Ersatz, sondern als Werkzeug, erg\u00e4nzt durch Fachexpertise aus verschiedenen Disziplinen. Diese Expertise gibt die Agentur auch in praxisnahen Workshops weiter.<\/p>\n<h2>Sichtbar werden \u2013 auch mit kleinem Budget<\/h2>\n<p>Ein zentrales Anliegen von Flayr ist es, Marketing auch f\u00fcr KMU zug\u00e4nglich zu machen. Durch schlanke Prozesse und praxisnahe Umsetzungen soll jedes Marketingbudget die n\u00f6tige Strahlkraft entfalten. Der Fokus liegt dabei nicht auf der H\u00f6he des Budgets, sondern auf dessen effizienter Nutzung.<\/p>\n<figure><img decoding=\"async\" src=\"https:\/\/autoeditor.fachbau.ch\/wp-content\/uploads\/2025\/09\/image001.jpg\" alt=\"Flayr Agenturr\u00e4umlichkeiten\" \/><figcaption>Die neuen R\u00e4umlichkeiten von Flayr in Z\u00fcrich (Bild: zvg)<\/figcaption><\/figure>\n<h2>Die K\u00f6pfe hinter Flayr<\/h2>\n<p>Das F\u00fchrungsteam bringt umfassende Branchenerfahrung mit: CEO Nadja Stickl verf\u00fcgt \u00fcber mehr als 15 Jahre Erfahrung bei renommierten Agenturen wie Wirz BBDO und TBWA Z\u00fcrich. CCO Michel Schmidt blickt auf \u00fcber 20 Jahre Erfahrung zur\u00fcck, unter anderem bei Scholz&#038;Friends Berlin und als Kreativchef bei Rosarot. Strategic Advisor Andreas Fuss bringt als Gr\u00fcnder der Flayr GmbH in M\u00fcnchen 25 Jahre Erfahrung in Strukturaufbau und F\u00fchrung ein.<\/p>\n<p>Die Agentur hat ihren Sitz an der Dienerstrasse 70 in Z\u00fcrich.<\/p>\n","protected":false},"excerpt":{"rendered":"<p>Mit der Gr\u00fcndung der Flayr setzen Nadja Stickl, Michel Schmidt und Andreas Fuss in Z\u00fcrich auf einen neuen Agenturansatz, der Kreativit\u00e4t, Produktions-Know-how und Strategie von Anfang an verbindet. Die Agentur verspricht dabei eine durchg\u00e4ngige Betreuung von der Idee bis zum fertigen Produkt.<\/p>\n","protected":false},"author":3231,"featured_media":0,"comment_status":"closed","ping_status":"closed","sticky":false,"template":"","format":"standard","meta":{"_acf_changed":false,"_yoast_wpseo_focuskw":"","_yoast_wpseo_metadesc":"","footnotes":""},"categories":[],"tags":[],"class_list":["post-25597","post","type-post","status-publish","format-standard","hentry"],"acf":[],"yoast_head":"<!-- This site is optimized with the Yoast SEO plugin v27.4 - https:\/\/yoast.com\/product\/yoast-seo-wordpress\/ -->\n<title>Neue Agentur Flayr startet in Z\u00fcrich mit ganzheitlichem Ansatz - autoeditor.fachbau.ch<\/title>\n<meta name=\"robots\" content=\"index, follow, max-snippet:-1, max-image-preview:large, max-video-preview:-1\" \/>\n<link rel=\"canonical\" href=\"https:\/\/autoeditor.fachbau.ch\/de\/intelligent-bauen\/2025-09-25\/neue-agentur-flayr-startet-in-zuerich-mit-ganzheitlichem-ansatz\/\" \/>\n<meta property=\"og:locale\" content=\"de_DE\" \/>\n<meta property=\"og:type\" content=\"article\" \/>\n<meta property=\"og:title\" content=\"Neue Agentur Flayr startet in Z\u00fcrich mit ganzheitlichem Ansatz - autoeditor.fachbau.ch\" \/>\n<meta property=\"og:description\" content=\"Mit der Gr\u00fcndung der Flayr setzen Nadja Stickl, Michel Schmidt und Andreas Fuss in Z\u00fcrich auf einen neuen Agenturansatz, der Kreativit\u00e4t, Produktions-Know-how und Strategie von Anfang an verbindet. Die Agentur verspricht dabei eine durchg\u00e4ngige Betreuung von der Idee bis zum fertigen Produkt.\" \/>\n<meta property=\"og:url\" content=\"https:\/\/autoeditor.fachbau.ch\/de\/intelligent-bauen\/2025-09-25\/neue-agentur-flayr-startet-in-zuerich-mit-ganzheitlichem-ansatz\/\" \/>\n<meta property=\"og:site_name\" content=\"autoeditor.fachbau.ch\" \/>\n<meta property=\"article:published_time\" content=\"2025-09-25T18:55:22+00:00\" \/>\n<meta property=\"og:image\" content=\"https:\/\/autoeditor.fachbau.ch\/wp-content\/uploads\/2025\/09\/FLAYR_Geschaeftsleitungzh-2.jpg\" \/>\n<meta name=\"author\" content=\"n8n\" \/>\n<meta name=\"twitter:card\" content=\"summary_large_image\" \/>\n<meta name=\"twitter:label1\" content=\"Verfasst von\" \/>\n\t<meta name=\"twitter:data1\" content=\"n8n\" \/>\n\t<meta name=\"twitter:label2\" content=\"Gesch\u00e4tzte Lesezeit\" \/>\n\t<meta name=\"twitter:data2\" content=\"1\u00a0Minute\" \/>\n<script type=\"application\/ld+json\" class=\"yoast-schema-graph\">{\"@context\":\"https:\\\/\\\/schema.org\",\"@graph\":[{\"@type\":\"Article\",\"@id\":\"https:\\\/\\\/autoeditor.fachbau.ch\\\/de\\\/intelligent-bauen\\\/2025-09-25\\\/neue-agentur-flayr-startet-in-zuerich-mit-ganzheitlichem-ansatz\\\/#article\",\"isPartOf\":{\"@id\":\"https:\\\/\\\/autoeditor.fachbau.ch\\\/de\\\/intelligent-bauen\\\/2025-09-25\\\/neue-agentur-flayr-startet-in-zuerich-mit-ganzheitlichem-ansatz\\\/\"},\"author\":{\"name\":\"n8n\",\"@id\":\"https:\\\/\\\/autoeditor.fachbau.ch\\\/#\\\/schema\\\/person\\\/3d4d3579814f749cfabeb517dd65ca3b\"},\"headline\":\"Neue Agentur Flayr startet in Z\u00fcrich mit ganzheitlichem Ansatz\",\"datePublished\":\"2025-09-25T18:55:22+00:00\",\"mainEntityOfPage\":{\"@id\":\"https:\\\/\\\/autoeditor.fachbau.ch\\\/de\\\/intelligent-bauen\\\/2025-09-25\\\/neue-agentur-flayr-startet-in-zuerich-mit-ganzheitlichem-ansatz\\\/\"},\"wordCount\":291,\"publisher\":{\"@id\":\"https:\\\/\\\/autoeditor.fachbau.ch\\\/#organization\"},\"image\":{\"@id\":\"https:\\\/\\\/autoeditor.fachbau.ch\\\/de\\\/intelligent-bauen\\\/2025-09-25\\\/neue-agentur-flayr-startet-in-zuerich-mit-ganzheitlichem-ansatz\\\/#primaryimage\"},\"thumbnailUrl\":\"https:\\\/\\\/autoeditor.fachbau.ch\\\/wp-content\\\/uploads\\\/2025\\\/09\\\/FLAYR_Geschaeftsleitungzh-2.jpg\",\"inLanguage\":\"de\"},{\"@type\":\"WebPage\",\"@id\":\"https:\\\/\\\/autoeditor.fachbau.ch\\\/de\\\/intelligent-bauen\\\/2025-09-25\\\/neue-agentur-flayr-startet-in-zuerich-mit-ganzheitlichem-ansatz\\\/\",\"url\":\"https:\\\/\\\/autoeditor.fachbau.ch\\\/de\\\/intelligent-bauen\\\/2025-09-25\\\/neue-agentur-flayr-startet-in-zuerich-mit-ganzheitlichem-ansatz\\\/\",\"name\":\"Neue Agentur Flayr startet in Z\u00fcrich mit ganzheitlichem Ansatz - autoeditor.fachbau.ch\",\"isPartOf\":{\"@id\":\"https:\\\/\\\/autoeditor.fachbau.ch\\\/#website\"},\"primaryImageOfPage\":{\"@id\":\"https:\\\/\\\/autoeditor.fachbau.ch\\\/de\\\/intelligent-bauen\\\/2025-09-25\\\/neue-agentur-flayr-startet-in-zuerich-mit-ganzheitlichem-ansatz\\\/#primaryimage\"},\"image\":{\"@id\":\"https:\\\/\\\/autoeditor.fachbau.ch\\\/de\\\/intelligent-bauen\\\/2025-09-25\\\/neue-agentur-flayr-startet-in-zuerich-mit-ganzheitlichem-ansatz\\\/#primaryimage\"},\"thumbnailUrl\":\"https:\\\/\\\/autoeditor.fachbau.ch\\\/wp-content\\\/uploads\\\/2025\\\/09\\\/FLAYR_Geschaeftsleitungzh-2.jpg\",\"datePublished\":\"2025-09-25T18:55:22+00:00\",\"breadcrumb\":{\"@id\":\"https:\\\/\\\/autoeditor.fachbau.ch\\\/de\\\/intelligent-bauen\\\/2025-09-25\\\/neue-agentur-flayr-startet-in-zuerich-mit-ganzheitlichem-ansatz\\\/#breadcrumb\"},\"inLanguage\":\"de\",\"potentialAction\":[{\"@type\":\"ReadAction\",\"target\":[\"https:\\\/\\\/autoeditor.fachbau.ch\\\/de\\\/intelligent-bauen\\\/2025-09-25\\\/neue-agentur-flayr-startet-in-zuerich-mit-ganzheitlichem-ansatz\\\/\"]}]},{\"@type\":\"ImageObject\",\"inLanguage\":\"de\",\"@id\":\"https:\\\/\\\/autoeditor.fachbau.ch\\\/de\\\/intelligent-bauen\\\/2025-09-25\\\/neue-agentur-flayr-startet-in-zuerich-mit-ganzheitlichem-ansatz\\\/#primaryimage\",\"url\":\"https:\\\/\\\/autoeditor.fachbau.ch\\\/wp-content\\\/uploads\\\/2025\\\/09\\\/FLAYR_Geschaeftsleitungzh-2.jpg\",\"contentUrl\":\"https:\\\/\\\/autoeditor.fachbau.ch\\\/wp-content\\\/uploads\\\/2025\\\/09\\\/FLAYR_Geschaeftsleitungzh-2.jpg\"},{\"@type\":\"BreadcrumbList\",\"@id\":\"https:\\\/\\\/autoeditor.fachbau.ch\\\/de\\\/intelligent-bauen\\\/2025-09-25\\\/neue-agentur-flayr-startet-in-zuerich-mit-ganzheitlichem-ansatz\\\/#breadcrumb\",\"itemListElement\":[{\"@type\":\"ListItem\",\"position\":1,\"name\":\"Startseite\",\"item\":\"https:\\\/\\\/autoeditor.fachbau.ch\\\/\"},{\"@type\":\"ListItem\",\"position\":2,\"name\":\"Neue Agentur Flayr startet in Z\u00fcrich mit ganzheitlichem Ansatz\"}]},{\"@type\":\"WebSite\",\"@id\":\"https:\\\/\\\/autoeditor.fachbau.ch\\\/#website\",\"url\":\"https:\\\/\\\/autoeditor.fachbau.ch\\\/\",\"name\":\"autoeditor.fachbau.ch\",\"description\":\"\",\"publisher\":{\"@id\":\"https:\\\/\\\/autoeditor.fachbau.ch\\\/#organization\"},\"potentialAction\":[{\"@type\":\"SearchAction\",\"target\":{\"@type\":\"EntryPoint\",\"urlTemplate\":\"https:\\\/\\\/autoeditor.fachbau.ch\\\/?s={search_term_string}\"},\"query-input\":{\"@type\":\"PropertyValueSpecification\",\"valueRequired\":true,\"valueName\":\"search_term_string\"}}],\"inLanguage\":\"de\"},{\"@type\":\"Organization\",\"@id\":\"https:\\\/\\\/autoeditor.fachbau.ch\\\/#organization\",\"name\":\"autoeditor.fachbau.ch\",\"url\":\"https:\\\/\\\/autoeditor.fachbau.ch\\\/\",\"logo\":{\"@type\":\"ImageObject\",\"inLanguage\":\"de\",\"@id\":\"https:\\\/\\\/autoeditor.fachbau.ch\\\/#\\\/schema\\\/logo\\\/image\\\/\",\"url\":\"https:\\\/\\\/autoeditor.fachbau.ch\\\/wp-content\\\/uploads\\\/2025\\\/05\\\/logo.svg\",\"contentUrl\":\"https:\\\/\\\/autoeditor.fachbau.ch\\\/wp-content\\\/uploads\\\/2025\\\/05\\\/logo.svg\",\"width\":763,\"height\":536,\"caption\":\"autoeditor.fachbau.ch\"},\"image\":{\"@id\":\"https:\\\/\\\/autoeditor.fachbau.ch\\\/#\\\/schema\\\/logo\\\/image\\\/\"}},{\"@type\":\"Person\",\"@id\":\"https:\\\/\\\/autoeditor.fachbau.ch\\\/#\\\/schema\\\/person\\\/3d4d3579814f749cfabeb517dd65ca3b\",\"name\":\"n8n\",\"image\":{\"@type\":\"ImageObject\",\"inLanguage\":\"de\",\"@id\":\"https:\\\/\\\/secure.gravatar.com\\\/avatar\\\/78a7f90c01fc2bfc875782a0d4922b37cde2cf184ce347b91316d23cd7f69a36?s=96&d=mm&r=g\",\"url\":\"https:\\\/\\\/secure.gravatar.com\\\/avatar\\\/78a7f90c01fc2bfc875782a0d4922b37cde2cf184ce347b91316d23cd7f69a36?s=96&d=mm&r=g\",\"contentUrl\":\"https:\\\/\\\/secure.gravatar.com\\\/avatar\\\/78a7f90c01fc2bfc875782a0d4922b37cde2cf184ce347b91316d23cd7f69a36?s=96&d=mm&r=g\",\"caption\":\"n8n\"},\"url\":\"https:\\\/\\\/autoeditor.fachbau.ch\\\/de\\\/author\\\/n8n\\\/\"}]}<\/script>\n<!-- \/ Yoast SEO plugin. -->","yoast_head_json":{"title":"Neue Agentur Flayr startet in Z\u00fcrich mit ganzheitlichem Ansatz - autoeditor.fachbau.ch","robots":{"index":"index","follow":"follow","max-snippet":"max-snippet:-1","max-image-preview":"max-image-preview:large","max-video-preview":"max-video-preview:-1"},"canonical":"https:\/\/autoeditor.fachbau.ch\/de\/intelligent-bauen\/2025-09-25\/neue-agentur-flayr-startet-in-zuerich-mit-ganzheitlichem-ansatz\/","og_locale":"de_DE","og_type":"article","og_title":"Neue Agentur Flayr startet in Z\u00fcrich mit ganzheitlichem Ansatz - autoeditor.fachbau.ch","og_description":"Mit der Gr\u00fcndung der Flayr setzen Nadja Stickl, Michel Schmidt und Andreas Fuss in Z\u00fcrich auf einen neuen Agenturansatz, der Kreativit\u00e4t, Produktions-Know-how und Strategie von Anfang an verbindet. Die Agentur verspricht dabei eine durchg\u00e4ngige Betreuung von der Idee bis zum fertigen Produkt.","og_url":"https:\/\/autoeditor.fachbau.ch\/de\/intelligent-bauen\/2025-09-25\/neue-agentur-flayr-startet-in-zuerich-mit-ganzheitlichem-ansatz\/","og_site_name":"autoeditor.fachbau.ch","article_published_time":"2025-09-25T18:55:22+00:00","og_image":[{"url":"https:\/\/autoeditor.fachbau.ch\/wp-content\/uploads\/2025\/09\/FLAYR_Geschaeftsleitungzh-2.jpg","type":"","width":"","height":""}],"author":"n8n","twitter_card":"summary_large_image","twitter_misc":{"Verfasst von":"n8n","Gesch\u00e4tzte Lesezeit":"1\u00a0Minute"},"schema":{"@context":"https:\/\/schema.org","@graph":[{"@type":"Article","@id":"https:\/\/autoeditor.fachbau.ch\/de\/intelligent-bauen\/2025-09-25\/neue-agentur-flayr-startet-in-zuerich-mit-ganzheitlichem-ansatz\/#article","isPartOf":{"@id":"https:\/\/autoeditor.fachbau.ch\/de\/intelligent-bauen\/2025-09-25\/neue-agentur-flayr-startet-in-zuerich-mit-ganzheitlichem-ansatz\/"},"author":{"name":"n8n","@id":"https:\/\/autoeditor.fachbau.ch\/#\/schema\/person\/3d4d3579814f749cfabeb517dd65ca3b"},"headline":"Neue Agentur Flayr startet in Z\u00fcrich mit ganzheitlichem Ansatz","datePublished":"2025-09-25T18:55:22+00:00","mainEntityOfPage":{"@id":"https:\/\/autoeditor.fachbau.ch\/de\/intelligent-bauen\/2025-09-25\/neue-agentur-flayr-startet-in-zuerich-mit-ganzheitlichem-ansatz\/"},"wordCount":291,"publisher":{"@id":"https:\/\/autoeditor.fachbau.ch\/#organization"},"image":{"@id":"https:\/\/autoeditor.fachbau.ch\/de\/intelligent-bauen\/2025-09-25\/neue-agentur-flayr-startet-in-zuerich-mit-ganzheitlichem-ansatz\/#primaryimage"},"thumbnailUrl":"https:\/\/autoeditor.fachbau.ch\/wp-content\/uploads\/2025\/09\/FLAYR_Geschaeftsleitungzh-2.jpg","inLanguage":"de"},{"@type":"WebPage","@id":"https:\/\/autoeditor.fachbau.ch\/de\/intelligent-bauen\/2025-09-25\/neue-agentur-flayr-startet-in-zuerich-mit-ganzheitlichem-ansatz\/","url":"https:\/\/autoeditor.fachbau.ch\/de\/intelligent-bauen\/2025-09-25\/neue-agentur-flayr-startet-in-zuerich-mit-ganzheitlichem-ansatz\/","name":"Neue Agentur Flayr startet in Z\u00fcrich mit ganzheitlichem Ansatz - autoeditor.fachbau.ch","isPartOf":{"@id":"https:\/\/autoeditor.fachbau.ch\/#website"},"primaryImageOfPage":{"@id":"https:\/\/autoeditor.fachbau.ch\/de\/intelligent-bauen\/2025-09-25\/neue-agentur-flayr-startet-in-zuerich-mit-ganzheitlichem-ansatz\/#primaryimage"},"image":{"@id":"https:\/\/autoeditor.fachbau.ch\/de\/intelligent-bauen\/2025-09-25\/neue-agentur-flayr-startet-in-zuerich-mit-ganzheitlichem-ansatz\/#primaryimage"},"thumbnailUrl":"https:\/\/autoeditor.fachbau.ch\/wp-content\/uploads\/2025\/09\/FLAYR_Geschaeftsleitungzh-2.jpg","datePublished":"2025-09-25T18:55:22+00:00","breadcrumb":{"@id":"https:\/\/autoeditor.fachbau.ch\/de\/intelligent-bauen\/2025-09-25\/neue-agentur-flayr-startet-in-zuerich-mit-ganzheitlichem-ansatz\/#breadcrumb"},"inLanguage":"de","potentialAction":[{"@type":"ReadAction","target":["https:\/\/autoeditor.fachbau.ch\/de\/intelligent-bauen\/2025-09-25\/neue-agentur-flayr-startet-in-zuerich-mit-ganzheitlichem-ansatz\/"]}]},{"@type":"ImageObject","inLanguage":"de","@id":"https:\/\/autoeditor.fachbau.ch\/de\/intelligent-bauen\/2025-09-25\/neue-agentur-flayr-startet-in-zuerich-mit-ganzheitlichem-ansatz\/#primaryimage","url":"https:\/\/autoeditor.fachbau.ch\/wp-content\/uploads\/2025\/09\/FLAYR_Geschaeftsleitungzh-2.jpg","contentUrl":"https:\/\/autoeditor.fachbau.ch\/wp-content\/uploads\/2025\/09\/FLAYR_Geschaeftsleitungzh-2.jpg"},{"@type":"BreadcrumbList","@id":"https:\/\/autoeditor.fachbau.ch\/de\/intelligent-bauen\/2025-09-25\/neue-agentur-flayr-startet-in-zuerich-mit-ganzheitlichem-ansatz\/#breadcrumb","itemListElement":[{"@type":"ListItem","position":1,"name":"Startseite","item":"https:\/\/autoeditor.fachbau.ch\/"},{"@type":"ListItem","position":2,"name":"Neue Agentur Flayr startet in Z\u00fcrich mit ganzheitlichem Ansatz"}]},{"@type":"WebSite","@id":"https:\/\/autoeditor.fachbau.ch\/#website","url":"https:\/\/autoeditor.fachbau.ch\/","name":"autoeditor.fachbau.ch","description":"","publisher":{"@id":"https:\/\/autoeditor.fachbau.ch\/#organization"},"potentialAction":[{"@type":"SearchAction","target":{"@type":"EntryPoint","urlTemplate":"https:\/\/autoeditor.fachbau.ch\/?s={search_term_string}"},"query-input":{"@type":"PropertyValueSpecification","valueRequired":true,"valueName":"search_term_string"}}],"inLanguage":"de"},{"@type":"Organization","@id":"https:\/\/autoeditor.fachbau.ch\/#organization","name":"autoeditor.fachbau.ch","url":"https:\/\/autoeditor.fachbau.ch\/","logo":{"@type":"ImageObject","inLanguage":"de","@id":"https:\/\/autoeditor.fachbau.ch\/#\/schema\/logo\/image\/","url":"https:\/\/autoeditor.fachbau.ch\/wp-content\/uploads\/2025\/05\/logo.svg","contentUrl":"https:\/\/autoeditor.fachbau.ch\/wp-content\/uploads\/2025\/05\/logo.svg","width":763,"height":536,"caption":"autoeditor.fachbau.ch"},"image":{"@id":"https:\/\/autoeditor.fachbau.ch\/#\/schema\/logo\/image\/"}},{"@type":"Person","@id":"https:\/\/autoeditor.fachbau.ch\/#\/schema\/person\/3d4d3579814f749cfabeb517dd65ca3b","name":"n8n","image":{"@type":"ImageObject","inLanguage":"de","@id":"https:\/\/secure.gravatar.com\/avatar\/78a7f90c01fc2bfc875782a0d4922b37cde2cf184ce347b91316d23cd7f69a36?s=96&d=mm&r=g","url":"https:\/\/secure.gravatar.com\/avatar\/78a7f90c01fc2bfc875782a0d4922b37cde2cf184ce347b91316d23cd7f69a36?s=96&d=mm&r=g","contentUrl":"https:\/\/secure.gravatar.com\/avatar\/78a7f90c01fc2bfc875782a0d4922b37cde2cf184ce347b91316d23cd7f69a36?s=96&d=mm&r=g","caption":"n8n"},"url":"https:\/\/autoeditor.fachbau.ch\/de\/author\/n8n\/"}]}},"_links":{"self":[{"href":"https:\/\/autoeditor.fachbau.ch\/de\/wp-json\/wp\/v2\/posts\/25597","targetHints":{"allow":["GET"]}}],"collection":[{"href":"https:\/\/autoeditor.fachbau.ch\/de\/wp-json\/wp\/v2\/posts"}],"about":[{"href":"https:\/\/autoeditor.fachbau.ch\/de\/wp-json\/wp\/v2\/types\/post"}],"author":[{"embeddable":true,"href":"https:\/\/autoeditor.fachbau.ch\/de\/wp-json\/wp\/v2\/users\/3231"}],"replies":[{"embeddable":true,"href":"https:\/\/autoeditor.fachbau.ch\/de\/wp-json\/wp\/v2\/comments?post=25597"}],"version-history":[{"count":0,"href":"https:\/\/autoeditor.fachbau.ch\/de\/wp-json\/wp\/v2\/posts\/25597\/revisions"}],"wp:attachment":[{"href":"https:\/\/autoeditor.fachbau.ch\/de\/wp-json\/wp\/v2\/media?parent=25597"}],"wp:term":[{"taxonomy":"category","embeddable":true,"href":"https:\/\/autoeditor.fachbau.ch\/de\/wp-json\/wp\/v2\/categories?post=25597"},{"taxonomy":"post_tag","embeddable":true,"href":"https:\/\/autoeditor.fachbau.ch\/de\/wp-json\/wp\/v2\/tags?post=25597"}],"curies":[{"name":"wp","href":"https:\/\/api.w.org\/{rel}","templated":true}]}}