{"id":25603,"date":"2025-09-26T07:01:49","date_gmt":"2025-09-26T05:01:49","guid":{"rendered":"https:\/\/autoeditor.fachbau.ch\/de\/intelligent-bauen\/2025-09-26\/flayr-neue-kreativagentur-startet-mit-ganzheitlichem-ansatz-in-zuerich\/"},"modified":"2025-09-26T07:01:49","modified_gmt":"2025-09-26T05:01:49","slug":"flayr-neue-kreativagentur-startet-mit-ganzheitlichem-ansatz-in-zuerich","status":"publish","type":"post","link":"https:\/\/autoeditor.fachbau.ch\/de\/intelligent-bauen\/2025-09-26\/flayr-neue-kreativagentur-startet-mit-ganzheitlichem-ansatz-in-zuerich\/","title":{"rendered":"Flayr: Neue Kreativagentur startet mit ganzheitlichem Ansatz in Z\u00fcrich"},"content":{"rendered":"<figure><img decoding=\"async\" src=\"https:\/\/autoeditor.fachbau.ch\/wp-content\/uploads\/2025\/09\/FLAYR_Geschaeftsleitungzh-3.jpg\" alt=\"Die Gesch\u00e4ftsleitung von Flayr: Nadja Stickl (CEO), Michel Schmidt (CCO) und Andreas Fuss (Strategic Advisor)\" \/><figcaption>Die Gesch\u00e4ftsleitung von Flayr: Nadja Stickl (CEO), Michel Schmidt (CCO) und Andreas Fuss (Strategic Advisor)<\/figcaption><\/figure>\n<p>\u00abKreativ denken. Machbar machen. Produziert liefern\u00bb \u2013 mit diesem Versprechen startet die neue Agentur Flayr in Z\u00fcrich. Die drei Gr\u00fcnder:innen Nadja Stickl (CEO), Michel Schmidt (CCO) und Andreas Fuss (Strategic Advisor) setzen dabei auf die Verbindung von Kreativit\u00e4t, Produktions-Know-how und Strategie von Beginn an.<\/p>\n<h2>Von der Vision zum fertigen Produkt<\/h2>\n<p>Flayr positioniert sich als Umsetzer, der bereits in der Ideenfindung Produktionsberatung einbindet. Das interdisziplin\u00e4re Team vereint Konzept, Strategie, Kampagnen, Design, Content und Produktion. K\u00fcnstliche Intelligenz wird dabei nicht als Ersatz, sondern als Werkzeug eingesetzt, erg\u00e4nzt durch Spezialist:innen aus verschiedenen Disziplinen.<\/p>\n<h2>Sichtbar werden \u2013 auch mit kleinem Budget<\/h2>\n<p>Ein besonderer Fokus liegt auf KMU, f\u00fcr die Marketing oft ein heikles Thema ist. Durch schlanke Prozesse und praxisnahe Umsetzungen soll jedes Marketingbudget die n\u00f6tige Strahlkraft entfalten. \u00abEntscheidend ist nicht die H\u00f6he des Budgets, sondern wie wir es zum Wirken bringen\u00bb, so die Agentur.<\/p>\n<figure><img decoding=\"async\" src=\"https:\/\/autoeditor.fachbau.ch\/wp-content\/uploads\/2025\/09\/image001-1.jpg\" alt=\"Die neue Agentur Flayr verbindet Kreativit\u00e4t mit Produktions-Know-how\" \/><figcaption>Die neue Agentur Flayr verbindet Kreativit\u00e4t mit Produktions-Know-how (Bild: zvg)<\/figcaption><\/figure>\n<h2>Erfahrenes F\u00fchrungsteam<\/h2>\n<p>Die drei Gr\u00fcnder:innen bringen langj\u00e4hrige Erfahrung mit: Nadja Stickl war zuvor bei Agenturen wie Wirz BBDO, TBWA Z\u00fcrich und Fraser t\u00e4tig. Michel Schmidt blickt auf \u00fcber 20 Jahre Erfahrung zur\u00fcck, unter anderem bei Scholz&#038;Friends Berlin, Wirz und als CCO bei kreisvier. Andreas Fuss, Gr\u00fcnder der Flayr in M\u00fcnchen, bringt mehr als 25 Jahre Erfahrung im Aufbau von Strukturen und in der F\u00fchrung mit.<\/p>\n","protected":false},"excerpt":{"rendered":"<p>Mit der Gr\u00fcndung der Flayr setzen Nadja Stickl, Michel Schmidt und Andreas Fuss ein klares Zeichen f\u00fcr die Zukunft der Agenturarbeit. Das Trio vereint Kreativit\u00e4t, Produktions-Know-how und Strategie von der ersten Idee bis zum fertigen Produkt.<\/p>\n","protected":false},"author":3231,"featured_media":0,"comment_status":"closed","ping_status":"closed","sticky":false,"template":"","format":"standard","meta":{"_acf_changed":false,"_yoast_wpseo_focuskw":"","_yoast_wpseo_metadesc":"","footnotes":""},"categories":[],"tags":[],"class_list":["post-25603","post","type-post","status-publish","format-standard","hentry"],"acf":[],"yoast_head":"<!-- This site is optimized with the Yoast SEO plugin v27.4 - https:\/\/yoast.com\/product\/yoast-seo-wordpress\/ -->\n<title>Flayr: Neue Kreativagentur startet mit ganzheitlichem Ansatz in Z\u00fcrich - autoeditor.fachbau.ch<\/title>\n<meta name=\"robots\" content=\"index, follow, max-snippet:-1, max-image-preview:large, max-video-preview:-1\" \/>\n<link rel=\"canonical\" href=\"https:\/\/autoeditor.fachbau.ch\/de\/intelligent-bauen\/2025-09-26\/flayr-neue-kreativagentur-startet-mit-ganzheitlichem-ansatz-in-zuerich\/\" \/>\n<meta property=\"og:locale\" content=\"de_DE\" \/>\n<meta property=\"og:type\" content=\"article\" \/>\n<meta property=\"og:title\" content=\"Flayr: Neue Kreativagentur startet mit ganzheitlichem Ansatz in Z\u00fcrich - autoeditor.fachbau.ch\" \/>\n<meta property=\"og:description\" content=\"Mit der Gr\u00fcndung der Flayr setzen Nadja Stickl, Michel Schmidt und Andreas Fuss ein klares Zeichen f\u00fcr die Zukunft der Agenturarbeit. Das Trio vereint Kreativit\u00e4t, Produktions-Know-how und Strategie von der ersten Idee bis zum fertigen Produkt.\" \/>\n<meta property=\"og:url\" content=\"https:\/\/autoeditor.fachbau.ch\/de\/intelligent-bauen\/2025-09-26\/flayr-neue-kreativagentur-startet-mit-ganzheitlichem-ansatz-in-zuerich\/\" \/>\n<meta property=\"og:site_name\" content=\"autoeditor.fachbau.ch\" \/>\n<meta property=\"article:published_time\" content=\"2025-09-26T05:01:49+00:00\" \/>\n<meta property=\"og:image\" content=\"https:\/\/autoeditor.fachbau.ch\/wp-content\/uploads\/2025\/09\/FLAYR_Geschaeftsleitungzh-3.jpg\" \/>\n<meta name=\"author\" content=\"n8n\" \/>\n<meta name=\"twitter:card\" content=\"summary_large_image\" \/>\n<meta name=\"twitter:label1\" content=\"Verfasst von\" \/>\n\t<meta name=\"twitter:data1\" content=\"n8n\" \/>\n\t<meta name=\"twitter:label2\" content=\"Gesch\u00e4tzte Lesezeit\" \/>\n\t<meta name=\"twitter:data2\" content=\"1\u00a0Minute\" \/>\n<script type=\"application\/ld+json\" class=\"yoast-schema-graph\">{\"@context\":\"https:\\\/\\\/schema.org\",\"@graph\":[{\"@type\":\"Article\",\"@id\":\"https:\\\/\\\/autoeditor.fachbau.ch\\\/de\\\/intelligent-bauen\\\/2025-09-26\\\/flayr-neue-kreativagentur-startet-mit-ganzheitlichem-ansatz-in-zuerich\\\/#article\",\"isPartOf\":{\"@id\":\"https:\\\/\\\/autoeditor.fachbau.ch\\\/de\\\/intelligent-bauen\\\/2025-09-26\\\/flayr-neue-kreativagentur-startet-mit-ganzheitlichem-ansatz-in-zuerich\\\/\"},\"author\":{\"name\":\"n8n\",\"@id\":\"https:\\\/\\\/autoeditor.fachbau.ch\\\/#\\\/schema\\\/person\\\/3d4d3579814f749cfabeb517dd65ca3b\"},\"headline\":\"Flayr: Neue Kreativagentur startet mit ganzheitlichem Ansatz in Z\u00fcrich\",\"datePublished\":\"2025-09-26T05:01:49+00:00\",\"mainEntityOfPage\":{\"@id\":\"https:\\\/\\\/autoeditor.fachbau.ch\\\/de\\\/intelligent-bauen\\\/2025-09-26\\\/flayr-neue-kreativagentur-startet-mit-ganzheitlichem-ansatz-in-zuerich\\\/\"},\"wordCount\":261,\"publisher\":{\"@id\":\"https:\\\/\\\/autoeditor.fachbau.ch\\\/#organization\"},\"image\":{\"@id\":\"https:\\\/\\\/autoeditor.fachbau.ch\\\/de\\\/intelligent-bauen\\\/2025-09-26\\\/flayr-neue-kreativagentur-startet-mit-ganzheitlichem-ansatz-in-zuerich\\\/#primaryimage\"},\"thumbnailUrl\":\"https:\\\/\\\/autoeditor.fachbau.ch\\\/wp-content\\\/uploads\\\/2025\\\/09\\\/FLAYR_Geschaeftsleitungzh-3.jpg\",\"inLanguage\":\"de\"},{\"@type\":\"WebPage\",\"@id\":\"https:\\\/\\\/autoeditor.fachbau.ch\\\/de\\\/intelligent-bauen\\\/2025-09-26\\\/flayr-neue-kreativagentur-startet-mit-ganzheitlichem-ansatz-in-zuerich\\\/\",\"url\":\"https:\\\/\\\/autoeditor.fachbau.ch\\\/de\\\/intelligent-bauen\\\/2025-09-26\\\/flayr-neue-kreativagentur-startet-mit-ganzheitlichem-ansatz-in-zuerich\\\/\",\"name\":\"Flayr: Neue Kreativagentur startet mit ganzheitlichem Ansatz in Z\u00fcrich - autoeditor.fachbau.ch\",\"isPartOf\":{\"@id\":\"https:\\\/\\\/autoeditor.fachbau.ch\\\/#website\"},\"primaryImageOfPage\":{\"@id\":\"https:\\\/\\\/autoeditor.fachbau.ch\\\/de\\\/intelligent-bauen\\\/2025-09-26\\\/flayr-neue-kreativagentur-startet-mit-ganzheitlichem-ansatz-in-zuerich\\\/#primaryimage\"},\"image\":{\"@id\":\"https:\\\/\\\/autoeditor.fachbau.ch\\\/de\\\/intelligent-bauen\\\/2025-09-26\\\/flayr-neue-kreativagentur-startet-mit-ganzheitlichem-ansatz-in-zuerich\\\/#primaryimage\"},\"thumbnailUrl\":\"https:\\\/\\\/autoeditor.fachbau.ch\\\/wp-content\\\/uploads\\\/2025\\\/09\\\/FLAYR_Geschaeftsleitungzh-3.jpg\",\"datePublished\":\"2025-09-26T05:01:49+00:00\",\"breadcrumb\":{\"@id\":\"https:\\\/\\\/autoeditor.fachbau.ch\\\/de\\\/intelligent-bauen\\\/2025-09-26\\\/flayr-neue-kreativagentur-startet-mit-ganzheitlichem-ansatz-in-zuerich\\\/#breadcrumb\"},\"inLanguage\":\"de\",\"potentialAction\":[{\"@type\":\"ReadAction\",\"target\":[\"https:\\\/\\\/autoeditor.fachbau.ch\\\/de\\\/intelligent-bauen\\\/2025-09-26\\\/flayr-neue-kreativagentur-startet-mit-ganzheitlichem-ansatz-in-zuerich\\\/\"]}]},{\"@type\":\"ImageObject\",\"inLanguage\":\"de\",\"@id\":\"https:\\\/\\\/autoeditor.fachbau.ch\\\/de\\\/intelligent-bauen\\\/2025-09-26\\\/flayr-neue-kreativagentur-startet-mit-ganzheitlichem-ansatz-in-zuerich\\\/#primaryimage\",\"url\":\"https:\\\/\\\/autoeditor.fachbau.ch\\\/wp-content\\\/uploads\\\/2025\\\/09\\\/FLAYR_Geschaeftsleitungzh-3.jpg\",\"contentUrl\":\"https:\\\/\\\/autoeditor.fachbau.ch\\\/wp-content\\\/uploads\\\/2025\\\/09\\\/FLAYR_Geschaeftsleitungzh-3.jpg\"},{\"@type\":\"BreadcrumbList\",\"@id\":\"https:\\\/\\\/autoeditor.fachbau.ch\\\/de\\\/intelligent-bauen\\\/2025-09-26\\\/flayr-neue-kreativagentur-startet-mit-ganzheitlichem-ansatz-in-zuerich\\\/#breadcrumb\",\"itemListElement\":[{\"@type\":\"ListItem\",\"position\":1,\"name\":\"Startseite\",\"item\":\"https:\\\/\\\/autoeditor.fachbau.ch\\\/\"},{\"@type\":\"ListItem\",\"position\":2,\"name\":\"Flayr: Neue Kreativagentur startet mit ganzheitlichem Ansatz in Z\u00fcrich\"}]},{\"@type\":\"WebSite\",\"@id\":\"https:\\\/\\\/autoeditor.fachbau.ch\\\/#website\",\"url\":\"https:\\\/\\\/autoeditor.fachbau.ch\\\/\",\"name\":\"autoeditor.fachbau.ch\",\"description\":\"\",\"publisher\":{\"@id\":\"https:\\\/\\\/autoeditor.fachbau.ch\\\/#organization\"},\"potentialAction\":[{\"@type\":\"SearchAction\",\"target\":{\"@type\":\"EntryPoint\",\"urlTemplate\":\"https:\\\/\\\/autoeditor.fachbau.ch\\\/?s={search_term_string}\"},\"query-input\":{\"@type\":\"PropertyValueSpecification\",\"valueRequired\":true,\"valueName\":\"search_term_string\"}}],\"inLanguage\":\"de\"},{\"@type\":\"Organization\",\"@id\":\"https:\\\/\\\/autoeditor.fachbau.ch\\\/#organization\",\"name\":\"autoeditor.fachbau.ch\",\"url\":\"https:\\\/\\\/autoeditor.fachbau.ch\\\/\",\"logo\":{\"@type\":\"ImageObject\",\"inLanguage\":\"de\",\"@id\":\"https:\\\/\\\/autoeditor.fachbau.ch\\\/#\\\/schema\\\/logo\\\/image\\\/\",\"url\":\"https:\\\/\\\/autoeditor.fachbau.ch\\\/wp-content\\\/uploads\\\/2025\\\/05\\\/logo.svg\",\"contentUrl\":\"https:\\\/\\\/autoeditor.fachbau.ch\\\/wp-content\\\/uploads\\\/2025\\\/05\\\/logo.svg\",\"width\":763,\"height\":536,\"caption\":\"autoeditor.fachbau.ch\"},\"image\":{\"@id\":\"https:\\\/\\\/autoeditor.fachbau.ch\\\/#\\\/schema\\\/logo\\\/image\\\/\"}},{\"@type\":\"Person\",\"@id\":\"https:\\\/\\\/autoeditor.fachbau.ch\\\/#\\\/schema\\\/person\\\/3d4d3579814f749cfabeb517dd65ca3b\",\"name\":\"n8n\",\"image\":{\"@type\":\"ImageObject\",\"inLanguage\":\"de\",\"@id\":\"https:\\\/\\\/secure.gravatar.com\\\/avatar\\\/78a7f90c01fc2bfc875782a0d4922b37cde2cf184ce347b91316d23cd7f69a36?s=96&d=mm&r=g\",\"url\":\"https:\\\/\\\/secure.gravatar.com\\\/avatar\\\/78a7f90c01fc2bfc875782a0d4922b37cde2cf184ce347b91316d23cd7f69a36?s=96&d=mm&r=g\",\"contentUrl\":\"https:\\\/\\\/secure.gravatar.com\\\/avatar\\\/78a7f90c01fc2bfc875782a0d4922b37cde2cf184ce347b91316d23cd7f69a36?s=96&d=mm&r=g\",\"caption\":\"n8n\"},\"url\":\"https:\\\/\\\/autoeditor.fachbau.ch\\\/de\\\/author\\\/n8n\\\/\"}]}<\/script>\n<!-- \/ Yoast SEO plugin. -->","yoast_head_json":{"title":"Flayr: Neue Kreativagentur startet mit ganzheitlichem Ansatz in Z\u00fcrich - autoeditor.fachbau.ch","robots":{"index":"index","follow":"follow","max-snippet":"max-snippet:-1","max-image-preview":"max-image-preview:large","max-video-preview":"max-video-preview:-1"},"canonical":"https:\/\/autoeditor.fachbau.ch\/de\/intelligent-bauen\/2025-09-26\/flayr-neue-kreativagentur-startet-mit-ganzheitlichem-ansatz-in-zuerich\/","og_locale":"de_DE","og_type":"article","og_title":"Flayr: Neue Kreativagentur startet mit ganzheitlichem Ansatz in Z\u00fcrich - autoeditor.fachbau.ch","og_description":"Mit der Gr\u00fcndung der Flayr setzen Nadja Stickl, Michel Schmidt und Andreas Fuss ein klares Zeichen f\u00fcr die Zukunft der Agenturarbeit. Das Trio vereint Kreativit\u00e4t, Produktions-Know-how und Strategie von der ersten Idee bis zum fertigen Produkt.","og_url":"https:\/\/autoeditor.fachbau.ch\/de\/intelligent-bauen\/2025-09-26\/flayr-neue-kreativagentur-startet-mit-ganzheitlichem-ansatz-in-zuerich\/","og_site_name":"autoeditor.fachbau.ch","article_published_time":"2025-09-26T05:01:49+00:00","og_image":[{"url":"https:\/\/autoeditor.fachbau.ch\/wp-content\/uploads\/2025\/09\/FLAYR_Geschaeftsleitungzh-3.jpg","type":"","width":"","height":""}],"author":"n8n","twitter_card":"summary_large_image","twitter_misc":{"Verfasst von":"n8n","Gesch\u00e4tzte Lesezeit":"1\u00a0Minute"},"schema":{"@context":"https:\/\/schema.org","@graph":[{"@type":"Article","@id":"https:\/\/autoeditor.fachbau.ch\/de\/intelligent-bauen\/2025-09-26\/flayr-neue-kreativagentur-startet-mit-ganzheitlichem-ansatz-in-zuerich\/#article","isPartOf":{"@id":"https:\/\/autoeditor.fachbau.ch\/de\/intelligent-bauen\/2025-09-26\/flayr-neue-kreativagentur-startet-mit-ganzheitlichem-ansatz-in-zuerich\/"},"author":{"name":"n8n","@id":"https:\/\/autoeditor.fachbau.ch\/#\/schema\/person\/3d4d3579814f749cfabeb517dd65ca3b"},"headline":"Flayr: Neue Kreativagentur startet mit ganzheitlichem Ansatz in Z\u00fcrich","datePublished":"2025-09-26T05:01:49+00:00","mainEntityOfPage":{"@id":"https:\/\/autoeditor.fachbau.ch\/de\/intelligent-bauen\/2025-09-26\/flayr-neue-kreativagentur-startet-mit-ganzheitlichem-ansatz-in-zuerich\/"},"wordCount":261,"publisher":{"@id":"https:\/\/autoeditor.fachbau.ch\/#organization"},"image":{"@id":"https:\/\/autoeditor.fachbau.ch\/de\/intelligent-bauen\/2025-09-26\/flayr-neue-kreativagentur-startet-mit-ganzheitlichem-ansatz-in-zuerich\/#primaryimage"},"thumbnailUrl":"https:\/\/autoeditor.fachbau.ch\/wp-content\/uploads\/2025\/09\/FLAYR_Geschaeftsleitungzh-3.jpg","inLanguage":"de"},{"@type":"WebPage","@id":"https:\/\/autoeditor.fachbau.ch\/de\/intelligent-bauen\/2025-09-26\/flayr-neue-kreativagentur-startet-mit-ganzheitlichem-ansatz-in-zuerich\/","url":"https:\/\/autoeditor.fachbau.ch\/de\/intelligent-bauen\/2025-09-26\/flayr-neue-kreativagentur-startet-mit-ganzheitlichem-ansatz-in-zuerich\/","name":"Flayr: Neue Kreativagentur startet mit ganzheitlichem Ansatz in Z\u00fcrich - autoeditor.fachbau.ch","isPartOf":{"@id":"https:\/\/autoeditor.fachbau.ch\/#website"},"primaryImageOfPage":{"@id":"https:\/\/autoeditor.fachbau.ch\/de\/intelligent-bauen\/2025-09-26\/flayr-neue-kreativagentur-startet-mit-ganzheitlichem-ansatz-in-zuerich\/#primaryimage"},"image":{"@id":"https:\/\/autoeditor.fachbau.ch\/de\/intelligent-bauen\/2025-09-26\/flayr-neue-kreativagentur-startet-mit-ganzheitlichem-ansatz-in-zuerich\/#primaryimage"},"thumbnailUrl":"https:\/\/autoeditor.fachbau.ch\/wp-content\/uploads\/2025\/09\/FLAYR_Geschaeftsleitungzh-3.jpg","datePublished":"2025-09-26T05:01:49+00:00","breadcrumb":{"@id":"https:\/\/autoeditor.fachbau.ch\/de\/intelligent-bauen\/2025-09-26\/flayr-neue-kreativagentur-startet-mit-ganzheitlichem-ansatz-in-zuerich\/#breadcrumb"},"inLanguage":"de","potentialAction":[{"@type":"ReadAction","target":["https:\/\/autoeditor.fachbau.ch\/de\/intelligent-bauen\/2025-09-26\/flayr-neue-kreativagentur-startet-mit-ganzheitlichem-ansatz-in-zuerich\/"]}]},{"@type":"ImageObject","inLanguage":"de","@id":"https:\/\/autoeditor.fachbau.ch\/de\/intelligent-bauen\/2025-09-26\/flayr-neue-kreativagentur-startet-mit-ganzheitlichem-ansatz-in-zuerich\/#primaryimage","url":"https:\/\/autoeditor.fachbau.ch\/wp-content\/uploads\/2025\/09\/FLAYR_Geschaeftsleitungzh-3.jpg","contentUrl":"https:\/\/autoeditor.fachbau.ch\/wp-content\/uploads\/2025\/09\/FLAYR_Geschaeftsleitungzh-3.jpg"},{"@type":"BreadcrumbList","@id":"https:\/\/autoeditor.fachbau.ch\/de\/intelligent-bauen\/2025-09-26\/flayr-neue-kreativagentur-startet-mit-ganzheitlichem-ansatz-in-zuerich\/#breadcrumb","itemListElement":[{"@type":"ListItem","position":1,"name":"Startseite","item":"https:\/\/autoeditor.fachbau.ch\/"},{"@type":"ListItem","position":2,"name":"Flayr: Neue Kreativagentur startet mit ganzheitlichem Ansatz in Z\u00fcrich"}]},{"@type":"WebSite","@id":"https:\/\/autoeditor.fachbau.ch\/#website","url":"https:\/\/autoeditor.fachbau.ch\/","name":"autoeditor.fachbau.ch","description":"","publisher":{"@id":"https:\/\/autoeditor.fachbau.ch\/#organization"},"potentialAction":[{"@type":"SearchAction","target":{"@type":"EntryPoint","urlTemplate":"https:\/\/autoeditor.fachbau.ch\/?s={search_term_string}"},"query-input":{"@type":"PropertyValueSpecification","valueRequired":true,"valueName":"search_term_string"}}],"inLanguage":"de"},{"@type":"Organization","@id":"https:\/\/autoeditor.fachbau.ch\/#organization","name":"autoeditor.fachbau.ch","url":"https:\/\/autoeditor.fachbau.ch\/","logo":{"@type":"ImageObject","inLanguage":"de","@id":"https:\/\/autoeditor.fachbau.ch\/#\/schema\/logo\/image\/","url":"https:\/\/autoeditor.fachbau.ch\/wp-content\/uploads\/2025\/05\/logo.svg","contentUrl":"https:\/\/autoeditor.fachbau.ch\/wp-content\/uploads\/2025\/05\/logo.svg","width":763,"height":536,"caption":"autoeditor.fachbau.ch"},"image":{"@id":"https:\/\/autoeditor.fachbau.ch\/#\/schema\/logo\/image\/"}},{"@type":"Person","@id":"https:\/\/autoeditor.fachbau.ch\/#\/schema\/person\/3d4d3579814f749cfabeb517dd65ca3b","name":"n8n","image":{"@type":"ImageObject","inLanguage":"de","@id":"https:\/\/secure.gravatar.com\/avatar\/78a7f90c01fc2bfc875782a0d4922b37cde2cf184ce347b91316d23cd7f69a36?s=96&d=mm&r=g","url":"https:\/\/secure.gravatar.com\/avatar\/78a7f90c01fc2bfc875782a0d4922b37cde2cf184ce347b91316d23cd7f69a36?s=96&d=mm&r=g","contentUrl":"https:\/\/secure.gravatar.com\/avatar\/78a7f90c01fc2bfc875782a0d4922b37cde2cf184ce347b91316d23cd7f69a36?s=96&d=mm&r=g","caption":"n8n"},"url":"https:\/\/autoeditor.fachbau.ch\/de\/author\/n8n\/"}]}},"_links":{"self":[{"href":"https:\/\/autoeditor.fachbau.ch\/de\/wp-json\/wp\/v2\/posts\/25603","targetHints":{"allow":["GET"]}}],"collection":[{"href":"https:\/\/autoeditor.fachbau.ch\/de\/wp-json\/wp\/v2\/posts"}],"about":[{"href":"https:\/\/autoeditor.fachbau.ch\/de\/wp-json\/wp\/v2\/types\/post"}],"author":[{"embeddable":true,"href":"https:\/\/autoeditor.fachbau.ch\/de\/wp-json\/wp\/v2\/users\/3231"}],"replies":[{"embeddable":true,"href":"https:\/\/autoeditor.fachbau.ch\/de\/wp-json\/wp\/v2\/comments?post=25603"}],"version-history":[{"count":0,"href":"https:\/\/autoeditor.fachbau.ch\/de\/wp-json\/wp\/v2\/posts\/25603\/revisions"}],"wp:attachment":[{"href":"https:\/\/autoeditor.fachbau.ch\/de\/wp-json\/wp\/v2\/media?parent=25603"}],"wp:term":[{"taxonomy":"category","embeddable":true,"href":"https:\/\/autoeditor.fachbau.ch\/de\/wp-json\/wp\/v2\/categories?post=25603"},{"taxonomy":"post_tag","embeddable":true,"href":"https:\/\/autoeditor.fachbau.ch\/de\/wp-json\/wp\/v2\/tags?post=25603"}],"curies":[{"name":"wp","href":"https:\/\/api.w.org\/{rel}","templated":true}]}}