{"id":25750,"date":"2025-09-26T16:33:21","date_gmt":"2025-09-26T14:33:21","guid":{"rendered":"https:\/\/autoeditor.fachbau.ch\/de\/intelligent-bauen\/2025-09-26\/webrepublic-wird-neue-mediaagentur-von-emmi-schweiz-2\/"},"modified":"2025-09-26T16:33:21","modified_gmt":"2025-09-26T14:33:21","slug":"webrepublic-wird-neue-mediaagentur-von-emmi-schweiz-2","status":"publish","type":"post","link":"https:\/\/autoeditor.fachbau.ch\/de\/intelligent-bauen\/2025-09-26\/webrepublic-wird-neue-mediaagentur-von-emmi-schweiz-2\/","title":{"rendered":"Webrepublic wird neue Mediaagentur von Emmi Schweiz"},"content":{"rendered":"<figure><img decoding=\"async\" src=\"https:\/\/autoeditor.fachbau.ch\/wp-content\/uploads\/2025\/09\/medienmitteilung-emmi-neu-3.jpg\" alt=\"Bild\"><figcaption>Bild (Quelle: zvg)<\/figcaption><\/figure>\n<p>Webrepublic hat sich in einem kompetitiven Pitch-Verfahren das Media-Mandat von Emmi Schweiz gesichert. Die Z\u00fcrcher Agentur f\u00fcr integriertes Marketing wird ab 2026 die Gesamtverantwortung f\u00fcr alle Mediengattungen \u00fcbernehmen.<\/p>\n<p>Die Entscheidung f\u00fcr Webrepublic basiert auf deren Konzept einer integrierten, wirkungsorientierten Mediaplanung \u00fcber alle Kan\u00e4le hinweg, mit besonderem Fokus auf Bewegtbild. \u00abWebrepublic ist sp\u00fcrbar die Extrameile f\u00fcr uns gegangen und hat sich gegen einen starken Wettbewerb durchgesetzt\u00bb, erkl\u00e4rt Christian Meyer, Head Brand Strategy &#038; Communication bei Emmi. \u00abW\u00e4hrend der letzten Monate haben wir eine Vertrauensbasis geschaffen, die grosse Lust macht, gemeinsam die kommunikative Zukunft unserer fantastischen Marken zu gestalten.\u00bb<\/p>\n<p>F\u00fcr Webrepublic bedeutet die neue Partnerschaft eine weitere St\u00e4rkung ihrer Position als Partner f\u00fcr integrierte Mediaplanung. Die Agentur wird durch die ganzheitliche Betrachtung aller Kan\u00e4le auf Wirksamkeit optimierte Strategien entwickeln und umsetzen.<\/p>\n<p>\u00abVom ersten Meeting an war es ein absolut motivierendes Projekt\u00bb, betont Tobias Zehnder, Co-Founder &#038; Managing Director bei Webrepublic. \u00abWir freuen uns sehr, die Mediaplanung f\u00fcr eine so beliebte und starke Marke zu \u00fcbernehmen und unsere gemeinsame Power im Markt wirken zu lassen.\u00bb<\/p>\n","protected":false},"excerpt":{"rendered":"<p>Die Z\u00fcrcher Agentur f\u00fcr integriertes Marketing, Webrepublic, \u00fcbernimmt ab 2026 die Gesamtverantwortung \u00fcber alle Mediengattungen f\u00fcr Emmi Schweiz. Die f\u00fchrende Schweizer Herstellerin von Milchprodukten setzt dabei auf eine integrierte, wirkungsorientierte Mediaplanung mit Fokus auf Bewegtbild.<\/p>\n","protected":false},"author":3231,"featured_media":0,"comment_status":"closed","ping_status":"closed","sticky":false,"template":"","format":"standard","meta":{"_acf_changed":false,"_yoast_wpseo_focuskw":"","_yoast_wpseo_metadesc":"","footnotes":""},"categories":[],"tags":[],"class_list":["post-25750","post","type-post","status-publish","format-standard","hentry"],"acf":[],"yoast_head":"<!-- This site is optimized with the Yoast SEO plugin v27.4 - https:\/\/yoast.com\/product\/yoast-seo-wordpress\/ -->\n<title>Webrepublic wird neue Mediaagentur von Emmi Schweiz - autoeditor.fachbau.ch<\/title>\n<meta name=\"robots\" content=\"index, follow, max-snippet:-1, max-image-preview:large, max-video-preview:-1\" \/>\n<link rel=\"canonical\" href=\"https:\/\/autoeditor.fachbau.ch\/de\/intelligent-bauen\/2025-09-26\/webrepublic-wird-neue-mediaagentur-von-emmi-schweiz-2\/\" \/>\n<meta property=\"og:locale\" content=\"de_DE\" \/>\n<meta property=\"og:type\" content=\"article\" \/>\n<meta property=\"og:title\" content=\"Webrepublic wird neue Mediaagentur von Emmi Schweiz - autoeditor.fachbau.ch\" \/>\n<meta property=\"og:description\" content=\"Die Z\u00fcrcher Agentur f\u00fcr integriertes Marketing, Webrepublic, \u00fcbernimmt ab 2026 die Gesamtverantwortung \u00fcber alle Mediengattungen f\u00fcr Emmi Schweiz. Die f\u00fchrende Schweizer Herstellerin von Milchprodukten setzt dabei auf eine integrierte, wirkungsorientierte Mediaplanung mit Fokus auf Bewegtbild.\" \/>\n<meta property=\"og:url\" content=\"https:\/\/autoeditor.fachbau.ch\/de\/intelligent-bauen\/2025-09-26\/webrepublic-wird-neue-mediaagentur-von-emmi-schweiz-2\/\" \/>\n<meta property=\"og:site_name\" content=\"autoeditor.fachbau.ch\" \/>\n<meta property=\"article:published_time\" content=\"2025-09-26T14:33:21+00:00\" \/>\n<meta property=\"og:image\" content=\"https:\/\/autoeditor.fachbau.ch\/wp-content\/uploads\/2025\/09\/medienmitteilung-emmi-neu-3.jpg\" \/>\n<meta name=\"author\" content=\"n8n\" \/>\n<meta name=\"twitter:card\" content=\"summary_large_image\" \/>\n<meta name=\"twitter:label1\" content=\"Verfasst von\" \/>\n\t<meta name=\"twitter:data1\" content=\"n8n\" \/>\n\t<meta name=\"twitter:label2\" content=\"Gesch\u00e4tzte Lesezeit\" \/>\n\t<meta name=\"twitter:data2\" content=\"1\u00a0Minute\" \/>\n<script type=\"application\/ld+json\" class=\"yoast-schema-graph\">{\"@context\":\"https:\\\/\\\/schema.org\",\"@graph\":[{\"@type\":\"Article\",\"@id\":\"https:\\\/\\\/autoeditor.fachbau.ch\\\/de\\\/intelligent-bauen\\\/2025-09-26\\\/webrepublic-wird-neue-mediaagentur-von-emmi-schweiz-2\\\/#article\",\"isPartOf\":{\"@id\":\"https:\\\/\\\/autoeditor.fachbau.ch\\\/de\\\/intelligent-bauen\\\/2025-09-26\\\/webrepublic-wird-neue-mediaagentur-von-emmi-schweiz-2\\\/\"},\"author\":{\"name\":\"n8n\",\"@id\":\"https:\\\/\\\/autoeditor.fachbau.ch\\\/#\\\/schema\\\/person\\\/3d4d3579814f749cfabeb517dd65ca3b\"},\"headline\":\"Webrepublic wird neue Mediaagentur von Emmi Schweiz\",\"datePublished\":\"2025-09-26T14:33:21+00:00\",\"mainEntityOfPage\":{\"@id\":\"https:\\\/\\\/autoeditor.fachbau.ch\\\/de\\\/intelligent-bauen\\\/2025-09-26\\\/webrepublic-wird-neue-mediaagentur-von-emmi-schweiz-2\\\/\"},\"wordCount\":193,\"publisher\":{\"@id\":\"https:\\\/\\\/autoeditor.fachbau.ch\\\/#organization\"},\"image\":{\"@id\":\"https:\\\/\\\/autoeditor.fachbau.ch\\\/de\\\/intelligent-bauen\\\/2025-09-26\\\/webrepublic-wird-neue-mediaagentur-von-emmi-schweiz-2\\\/#primaryimage\"},\"thumbnailUrl\":\"https:\\\/\\\/autoeditor.fachbau.ch\\\/wp-content\\\/uploads\\\/2025\\\/09\\\/medienmitteilung-emmi-neu-3.jpg\",\"inLanguage\":\"de\"},{\"@type\":\"WebPage\",\"@id\":\"https:\\\/\\\/autoeditor.fachbau.ch\\\/de\\\/intelligent-bauen\\\/2025-09-26\\\/webrepublic-wird-neue-mediaagentur-von-emmi-schweiz-2\\\/\",\"url\":\"https:\\\/\\\/autoeditor.fachbau.ch\\\/de\\\/intelligent-bauen\\\/2025-09-26\\\/webrepublic-wird-neue-mediaagentur-von-emmi-schweiz-2\\\/\",\"name\":\"Webrepublic wird neue Mediaagentur von Emmi Schweiz - autoeditor.fachbau.ch\",\"isPartOf\":{\"@id\":\"https:\\\/\\\/autoeditor.fachbau.ch\\\/#website\"},\"primaryImageOfPage\":{\"@id\":\"https:\\\/\\\/autoeditor.fachbau.ch\\\/de\\\/intelligent-bauen\\\/2025-09-26\\\/webrepublic-wird-neue-mediaagentur-von-emmi-schweiz-2\\\/#primaryimage\"},\"image\":{\"@id\":\"https:\\\/\\\/autoeditor.fachbau.ch\\\/de\\\/intelligent-bauen\\\/2025-09-26\\\/webrepublic-wird-neue-mediaagentur-von-emmi-schweiz-2\\\/#primaryimage\"},\"thumbnailUrl\":\"https:\\\/\\\/autoeditor.fachbau.ch\\\/wp-content\\\/uploads\\\/2025\\\/09\\\/medienmitteilung-emmi-neu-3.jpg\",\"datePublished\":\"2025-09-26T14:33:21+00:00\",\"breadcrumb\":{\"@id\":\"https:\\\/\\\/autoeditor.fachbau.ch\\\/de\\\/intelligent-bauen\\\/2025-09-26\\\/webrepublic-wird-neue-mediaagentur-von-emmi-schweiz-2\\\/#breadcrumb\"},\"inLanguage\":\"de\",\"potentialAction\":[{\"@type\":\"ReadAction\",\"target\":[\"https:\\\/\\\/autoeditor.fachbau.ch\\\/de\\\/intelligent-bauen\\\/2025-09-26\\\/webrepublic-wird-neue-mediaagentur-von-emmi-schweiz-2\\\/\"]}]},{\"@type\":\"ImageObject\",\"inLanguage\":\"de\",\"@id\":\"https:\\\/\\\/autoeditor.fachbau.ch\\\/de\\\/intelligent-bauen\\\/2025-09-26\\\/webrepublic-wird-neue-mediaagentur-von-emmi-schweiz-2\\\/#primaryimage\",\"url\":\"https:\\\/\\\/autoeditor.fachbau.ch\\\/wp-content\\\/uploads\\\/2025\\\/09\\\/medienmitteilung-emmi-neu-3.jpg\",\"contentUrl\":\"https:\\\/\\\/autoeditor.fachbau.ch\\\/wp-content\\\/uploads\\\/2025\\\/09\\\/medienmitteilung-emmi-neu-3.jpg\"},{\"@type\":\"BreadcrumbList\",\"@id\":\"https:\\\/\\\/autoeditor.fachbau.ch\\\/de\\\/intelligent-bauen\\\/2025-09-26\\\/webrepublic-wird-neue-mediaagentur-von-emmi-schweiz-2\\\/#breadcrumb\",\"itemListElement\":[{\"@type\":\"ListItem\",\"position\":1,\"name\":\"Startseite\",\"item\":\"https:\\\/\\\/autoeditor.fachbau.ch\\\/\"},{\"@type\":\"ListItem\",\"position\":2,\"name\":\"Webrepublic wird neue Mediaagentur von Emmi Schweiz\"}]},{\"@type\":\"WebSite\",\"@id\":\"https:\\\/\\\/autoeditor.fachbau.ch\\\/#website\",\"url\":\"https:\\\/\\\/autoeditor.fachbau.ch\\\/\",\"name\":\"autoeditor.fachbau.ch\",\"description\":\"\",\"publisher\":{\"@id\":\"https:\\\/\\\/autoeditor.fachbau.ch\\\/#organization\"},\"potentialAction\":[{\"@type\":\"SearchAction\",\"target\":{\"@type\":\"EntryPoint\",\"urlTemplate\":\"https:\\\/\\\/autoeditor.fachbau.ch\\\/?s={search_term_string}\"},\"query-input\":{\"@type\":\"PropertyValueSpecification\",\"valueRequired\":true,\"valueName\":\"search_term_string\"}}],\"inLanguage\":\"de\"},{\"@type\":\"Organization\",\"@id\":\"https:\\\/\\\/autoeditor.fachbau.ch\\\/#organization\",\"name\":\"autoeditor.fachbau.ch\",\"url\":\"https:\\\/\\\/autoeditor.fachbau.ch\\\/\",\"logo\":{\"@type\":\"ImageObject\",\"inLanguage\":\"de\",\"@id\":\"https:\\\/\\\/autoeditor.fachbau.ch\\\/#\\\/schema\\\/logo\\\/image\\\/\",\"url\":\"https:\\\/\\\/autoeditor.fachbau.ch\\\/wp-content\\\/uploads\\\/2025\\\/05\\\/logo.svg\",\"contentUrl\":\"https:\\\/\\\/autoeditor.fachbau.ch\\\/wp-content\\\/uploads\\\/2025\\\/05\\\/logo.svg\",\"width\":763,\"height\":536,\"caption\":\"autoeditor.fachbau.ch\"},\"image\":{\"@id\":\"https:\\\/\\\/autoeditor.fachbau.ch\\\/#\\\/schema\\\/logo\\\/image\\\/\"}},{\"@type\":\"Person\",\"@id\":\"https:\\\/\\\/autoeditor.fachbau.ch\\\/#\\\/schema\\\/person\\\/3d4d3579814f749cfabeb517dd65ca3b\",\"name\":\"n8n\",\"image\":{\"@type\":\"ImageObject\",\"inLanguage\":\"de\",\"@id\":\"https:\\\/\\\/secure.gravatar.com\\\/avatar\\\/78a7f90c01fc2bfc875782a0d4922b37cde2cf184ce347b91316d23cd7f69a36?s=96&d=mm&r=g\",\"url\":\"https:\\\/\\\/secure.gravatar.com\\\/avatar\\\/78a7f90c01fc2bfc875782a0d4922b37cde2cf184ce347b91316d23cd7f69a36?s=96&d=mm&r=g\",\"contentUrl\":\"https:\\\/\\\/secure.gravatar.com\\\/avatar\\\/78a7f90c01fc2bfc875782a0d4922b37cde2cf184ce347b91316d23cd7f69a36?s=96&d=mm&r=g\",\"caption\":\"n8n\"},\"url\":\"https:\\\/\\\/autoeditor.fachbau.ch\\\/de\\\/author\\\/n8n\\\/\"}]}<\/script>\n<!-- \/ Yoast SEO plugin. -->","yoast_head_json":{"title":"Webrepublic wird neue Mediaagentur von Emmi Schweiz - autoeditor.fachbau.ch","robots":{"index":"index","follow":"follow","max-snippet":"max-snippet:-1","max-image-preview":"max-image-preview:large","max-video-preview":"max-video-preview:-1"},"canonical":"https:\/\/autoeditor.fachbau.ch\/de\/intelligent-bauen\/2025-09-26\/webrepublic-wird-neue-mediaagentur-von-emmi-schweiz-2\/","og_locale":"de_DE","og_type":"article","og_title":"Webrepublic wird neue Mediaagentur von Emmi Schweiz - autoeditor.fachbau.ch","og_description":"Die Z\u00fcrcher Agentur f\u00fcr integriertes Marketing, Webrepublic, \u00fcbernimmt ab 2026 die Gesamtverantwortung \u00fcber alle Mediengattungen f\u00fcr Emmi Schweiz. Die f\u00fchrende Schweizer Herstellerin von Milchprodukten setzt dabei auf eine integrierte, wirkungsorientierte Mediaplanung mit Fokus auf Bewegtbild.","og_url":"https:\/\/autoeditor.fachbau.ch\/de\/intelligent-bauen\/2025-09-26\/webrepublic-wird-neue-mediaagentur-von-emmi-schweiz-2\/","og_site_name":"autoeditor.fachbau.ch","article_published_time":"2025-09-26T14:33:21+00:00","og_image":[{"url":"https:\/\/autoeditor.fachbau.ch\/wp-content\/uploads\/2025\/09\/medienmitteilung-emmi-neu-3.jpg","type":"","width":"","height":""}],"author":"n8n","twitter_card":"summary_large_image","twitter_misc":{"Verfasst von":"n8n","Gesch\u00e4tzte Lesezeit":"1\u00a0Minute"},"schema":{"@context":"https:\/\/schema.org","@graph":[{"@type":"Article","@id":"https:\/\/autoeditor.fachbau.ch\/de\/intelligent-bauen\/2025-09-26\/webrepublic-wird-neue-mediaagentur-von-emmi-schweiz-2\/#article","isPartOf":{"@id":"https:\/\/autoeditor.fachbau.ch\/de\/intelligent-bauen\/2025-09-26\/webrepublic-wird-neue-mediaagentur-von-emmi-schweiz-2\/"},"author":{"name":"n8n","@id":"https:\/\/autoeditor.fachbau.ch\/#\/schema\/person\/3d4d3579814f749cfabeb517dd65ca3b"},"headline":"Webrepublic wird neue Mediaagentur von Emmi Schweiz","datePublished":"2025-09-26T14:33:21+00:00","mainEntityOfPage":{"@id":"https:\/\/autoeditor.fachbau.ch\/de\/intelligent-bauen\/2025-09-26\/webrepublic-wird-neue-mediaagentur-von-emmi-schweiz-2\/"},"wordCount":193,"publisher":{"@id":"https:\/\/autoeditor.fachbau.ch\/#organization"},"image":{"@id":"https:\/\/autoeditor.fachbau.ch\/de\/intelligent-bauen\/2025-09-26\/webrepublic-wird-neue-mediaagentur-von-emmi-schweiz-2\/#primaryimage"},"thumbnailUrl":"https:\/\/autoeditor.fachbau.ch\/wp-content\/uploads\/2025\/09\/medienmitteilung-emmi-neu-3.jpg","inLanguage":"de"},{"@type":"WebPage","@id":"https:\/\/autoeditor.fachbau.ch\/de\/intelligent-bauen\/2025-09-26\/webrepublic-wird-neue-mediaagentur-von-emmi-schweiz-2\/","url":"https:\/\/autoeditor.fachbau.ch\/de\/intelligent-bauen\/2025-09-26\/webrepublic-wird-neue-mediaagentur-von-emmi-schweiz-2\/","name":"Webrepublic wird neue Mediaagentur von Emmi Schweiz - autoeditor.fachbau.ch","isPartOf":{"@id":"https:\/\/autoeditor.fachbau.ch\/#website"},"primaryImageOfPage":{"@id":"https:\/\/autoeditor.fachbau.ch\/de\/intelligent-bauen\/2025-09-26\/webrepublic-wird-neue-mediaagentur-von-emmi-schweiz-2\/#primaryimage"},"image":{"@id":"https:\/\/autoeditor.fachbau.ch\/de\/intelligent-bauen\/2025-09-26\/webrepublic-wird-neue-mediaagentur-von-emmi-schweiz-2\/#primaryimage"},"thumbnailUrl":"https:\/\/autoeditor.fachbau.ch\/wp-content\/uploads\/2025\/09\/medienmitteilung-emmi-neu-3.jpg","datePublished":"2025-09-26T14:33:21+00:00","breadcrumb":{"@id":"https:\/\/autoeditor.fachbau.ch\/de\/intelligent-bauen\/2025-09-26\/webrepublic-wird-neue-mediaagentur-von-emmi-schweiz-2\/#breadcrumb"},"inLanguage":"de","potentialAction":[{"@type":"ReadAction","target":["https:\/\/autoeditor.fachbau.ch\/de\/intelligent-bauen\/2025-09-26\/webrepublic-wird-neue-mediaagentur-von-emmi-schweiz-2\/"]}]},{"@type":"ImageObject","inLanguage":"de","@id":"https:\/\/autoeditor.fachbau.ch\/de\/intelligent-bauen\/2025-09-26\/webrepublic-wird-neue-mediaagentur-von-emmi-schweiz-2\/#primaryimage","url":"https:\/\/autoeditor.fachbau.ch\/wp-content\/uploads\/2025\/09\/medienmitteilung-emmi-neu-3.jpg","contentUrl":"https:\/\/autoeditor.fachbau.ch\/wp-content\/uploads\/2025\/09\/medienmitteilung-emmi-neu-3.jpg"},{"@type":"BreadcrumbList","@id":"https:\/\/autoeditor.fachbau.ch\/de\/intelligent-bauen\/2025-09-26\/webrepublic-wird-neue-mediaagentur-von-emmi-schweiz-2\/#breadcrumb","itemListElement":[{"@type":"ListItem","position":1,"name":"Startseite","item":"https:\/\/autoeditor.fachbau.ch\/"},{"@type":"ListItem","position":2,"name":"Webrepublic wird neue Mediaagentur von Emmi Schweiz"}]},{"@type":"WebSite","@id":"https:\/\/autoeditor.fachbau.ch\/#website","url":"https:\/\/autoeditor.fachbau.ch\/","name":"autoeditor.fachbau.ch","description":"","publisher":{"@id":"https:\/\/autoeditor.fachbau.ch\/#organization"},"potentialAction":[{"@type":"SearchAction","target":{"@type":"EntryPoint","urlTemplate":"https:\/\/autoeditor.fachbau.ch\/?s={search_term_string}"},"query-input":{"@type":"PropertyValueSpecification","valueRequired":true,"valueName":"search_term_string"}}],"inLanguage":"de"},{"@type":"Organization","@id":"https:\/\/autoeditor.fachbau.ch\/#organization","name":"autoeditor.fachbau.ch","url":"https:\/\/autoeditor.fachbau.ch\/","logo":{"@type":"ImageObject","inLanguage":"de","@id":"https:\/\/autoeditor.fachbau.ch\/#\/schema\/logo\/image\/","url":"https:\/\/autoeditor.fachbau.ch\/wp-content\/uploads\/2025\/05\/logo.svg","contentUrl":"https:\/\/autoeditor.fachbau.ch\/wp-content\/uploads\/2025\/05\/logo.svg","width":763,"height":536,"caption":"autoeditor.fachbau.ch"},"image":{"@id":"https:\/\/autoeditor.fachbau.ch\/#\/schema\/logo\/image\/"}},{"@type":"Person","@id":"https:\/\/autoeditor.fachbau.ch\/#\/schema\/person\/3d4d3579814f749cfabeb517dd65ca3b","name":"n8n","image":{"@type":"ImageObject","inLanguage":"de","@id":"https:\/\/secure.gravatar.com\/avatar\/78a7f90c01fc2bfc875782a0d4922b37cde2cf184ce347b91316d23cd7f69a36?s=96&d=mm&r=g","url":"https:\/\/secure.gravatar.com\/avatar\/78a7f90c01fc2bfc875782a0d4922b37cde2cf184ce347b91316d23cd7f69a36?s=96&d=mm&r=g","contentUrl":"https:\/\/secure.gravatar.com\/avatar\/78a7f90c01fc2bfc875782a0d4922b37cde2cf184ce347b91316d23cd7f69a36?s=96&d=mm&r=g","caption":"n8n"},"url":"https:\/\/autoeditor.fachbau.ch\/de\/author\/n8n\/"}]}},"_links":{"self":[{"href":"https:\/\/autoeditor.fachbau.ch\/de\/wp-json\/wp\/v2\/posts\/25750","targetHints":{"allow":["GET"]}}],"collection":[{"href":"https:\/\/autoeditor.fachbau.ch\/de\/wp-json\/wp\/v2\/posts"}],"about":[{"href":"https:\/\/autoeditor.fachbau.ch\/de\/wp-json\/wp\/v2\/types\/post"}],"author":[{"embeddable":true,"href":"https:\/\/autoeditor.fachbau.ch\/de\/wp-json\/wp\/v2\/users\/3231"}],"replies":[{"embeddable":true,"href":"https:\/\/autoeditor.fachbau.ch\/de\/wp-json\/wp\/v2\/comments?post=25750"}],"version-history":[{"count":0,"href":"https:\/\/autoeditor.fachbau.ch\/de\/wp-json\/wp\/v2\/posts\/25750\/revisions"}],"wp:attachment":[{"href":"https:\/\/autoeditor.fachbau.ch\/de\/wp-json\/wp\/v2\/media?parent=25750"}],"wp:term":[{"taxonomy":"category","embeddable":true,"href":"https:\/\/autoeditor.fachbau.ch\/de\/wp-json\/wp\/v2\/categories?post=25750"},{"taxonomy":"post_tag","embeddable":true,"href":"https:\/\/autoeditor.fachbau.ch\/de\/wp-json\/wp\/v2\/tags?post=25750"}],"curies":[{"name":"wp","href":"https:\/\/api.w.org\/{rel}","templated":true}]}}