{"id":25766,"date":"2025-09-26T17:08:56","date_gmt":"2025-09-26T15:08:56","guid":{"rendered":"https:\/\/autoeditor.fachbau.ch\/de\/intelligent-bauen\/2025-09-26\/lodresso-wird-offizieller-footwear-partner-der-ise-barcelona-2026\/"},"modified":"2025-09-26T17:08:56","modified_gmt":"2025-09-26T15:08:56","slug":"lodresso-wird-offizieller-footwear-partner-der-ise-barcelona-2026","status":"publish","type":"post","link":"https:\/\/autoeditor.fachbau.ch\/de\/intelligent-bauen\/2025-09-26\/lodresso-wird-offizieller-footwear-partner-der-ise-barcelona-2026\/","title":{"rendered":"Lodresso wird offizieller Footwear Partner der ISE Barcelona 2026"},"content":{"rendered":"<figure><img decoding=\"async\" src=\"https:\/\/autoeditor.fachbau.ch\/wp-content\/uploads\/2025\/09\/data.jpeg\" alt=\"Bild\" \/><figcaption>Quelle: zvg<\/figcaption><\/figure>\n<p>Die Integrated Systems Europe (ISE), die weltweit gr\u00f6sste Messe f\u00fcr AV und Systemintegration, bekommt 2026 einen besonderen Partner: Die Schweizer Schuhmarke Lodresso wird offizieller Show Shoe Partner der Veranstaltung.<\/p>\n<h2>Von Gaud\u00ed inspirierte Sonderedition<\/h2>\n<p>Die ISE Show Shoes 2026 werden als limitierte Community Edition erscheinen. Das Design ist von der charakteristischen Formsprache Antoni Gaud\u00eds inspiriert und wird passend zu dessen 100. Todestag lanciert. Die Schuhe verbinden dabei Design, Komfort und Technologie: Sie werden nachhaltig in Portugal produziert, sind ultraleicht konzipiert f\u00fcr lange Messetage und mit NFC-Technologie ausgestattet.<\/p>\n<h2>Innovative Funktionalit\u00e4t<\/h2>\n<p>Die Integration von NFC-Chips erm\u00f6glicht VIP-Besuchenden einen Fast-Lane-Zugang zur Messe. Aussteller haben zudem die M\u00f6glichkeit eines optionalen Co-Brandings. Ein besonderes Merkmal ist die elastische und energier\u00fcckgebende Konstruktion \u2013 jeder Schritt soll einen sp\u00fcrbaren Energieschub verleihen.<\/p>\n<figure><img decoding=\"async\" src=\"https:\/\/autoeditor.fachbau.ch\/wp-content\/uploads\/2025\/09\/data.png\" alt=\"Bild\" \/><figcaption>Quelle: zvg<\/figcaption><\/figure>\n<p>Die ISE Barcelona bringt j\u00e4hrlich \u00fcber 70&#8217;000 Besuchende zusammen. Die Show Shoes werden nach dem Prinzip \u00abProduce on Demand\u00bb hergestellt, um \u00dcberproduktion zu vermeiden. Interessierte k\u00f6nnen die Schuhe ab sofort im Shop ab 5 Paar bestellen.<\/p>\n","protected":false},"excerpt":{"rendered":"<p>Die Schweizer Schuhmarke Lodresso wurde zum offiziellen Show Shoe Partner der ISE 2026 in Barcelona ernannt. Zum 100. Todestag von Antoni Gaud\u00ed lanciert das Unternehmen einen limitierten ISE Show Shoe, der von der Formsprache des ber\u00fchmten Architekten inspiriert ist.<\/p>\n","protected":false},"author":3231,"featured_media":0,"comment_status":"closed","ping_status":"closed","sticky":false,"template":"","format":"standard","meta":{"_acf_changed":false,"_yoast_wpseo_focuskw":"","_yoast_wpseo_metadesc":"","footnotes":""},"categories":[],"tags":[],"class_list":["post-25766","post","type-post","status-publish","format-standard","hentry"],"acf":[],"yoast_head":"<!-- This site is optimized with the Yoast SEO plugin v27.4 - https:\/\/yoast.com\/product\/yoast-seo-wordpress\/ -->\n<title>Lodresso wird offizieller Footwear Partner der ISE Barcelona 2026 - autoeditor.fachbau.ch<\/title>\n<meta name=\"robots\" content=\"index, follow, max-snippet:-1, max-image-preview:large, max-video-preview:-1\" \/>\n<link rel=\"canonical\" href=\"https:\/\/autoeditor.fachbau.ch\/de\/intelligent-bauen\/2025-09-26\/lodresso-wird-offizieller-footwear-partner-der-ise-barcelona-2026\/\" \/>\n<meta property=\"og:locale\" content=\"de_DE\" \/>\n<meta property=\"og:type\" content=\"article\" \/>\n<meta property=\"og:title\" content=\"Lodresso wird offizieller Footwear Partner der ISE Barcelona 2026 - autoeditor.fachbau.ch\" \/>\n<meta property=\"og:description\" content=\"Die Schweizer Schuhmarke Lodresso wurde zum offiziellen Show Shoe Partner der ISE 2026 in Barcelona ernannt. Zum 100. Todestag von Antoni Gaud\u00ed lanciert das Unternehmen einen limitierten ISE Show Shoe, der von der Formsprache des ber\u00fchmten Architekten inspiriert ist.\" \/>\n<meta property=\"og:url\" content=\"https:\/\/autoeditor.fachbau.ch\/de\/intelligent-bauen\/2025-09-26\/lodresso-wird-offizieller-footwear-partner-der-ise-barcelona-2026\/\" \/>\n<meta property=\"og:site_name\" content=\"autoeditor.fachbau.ch\" \/>\n<meta property=\"article:published_time\" content=\"2025-09-26T15:08:56+00:00\" \/>\n<meta property=\"og:image\" content=\"https:\/\/autoeditor.fachbau.ch\/wp-content\/uploads\/2025\/09\/data.jpeg\" \/>\n<meta name=\"author\" content=\"n8n\" \/>\n<meta name=\"twitter:card\" content=\"summary_large_image\" \/>\n<meta name=\"twitter:label1\" content=\"Verfasst von\" \/>\n\t<meta name=\"twitter:data1\" content=\"n8n\" \/>\n\t<meta name=\"twitter:label2\" content=\"Gesch\u00e4tzte Lesezeit\" \/>\n\t<meta name=\"twitter:data2\" content=\"1\u00a0Minute\" \/>\n<script type=\"application\/ld+json\" class=\"yoast-schema-graph\">{\"@context\":\"https:\\\/\\\/schema.org\",\"@graph\":[{\"@type\":\"Article\",\"@id\":\"https:\\\/\\\/autoeditor.fachbau.ch\\\/de\\\/intelligent-bauen\\\/2025-09-26\\\/lodresso-wird-offizieller-footwear-partner-der-ise-barcelona-2026\\\/#article\",\"isPartOf\":{\"@id\":\"https:\\\/\\\/autoeditor.fachbau.ch\\\/de\\\/intelligent-bauen\\\/2025-09-26\\\/lodresso-wird-offizieller-footwear-partner-der-ise-barcelona-2026\\\/\"},\"author\":{\"name\":\"n8n\",\"@id\":\"https:\\\/\\\/autoeditor.fachbau.ch\\\/#\\\/schema\\\/person\\\/3d4d3579814f749cfabeb517dd65ca3b\"},\"headline\":\"Lodresso wird offizieller Footwear Partner der ISE Barcelona 2026\",\"datePublished\":\"2025-09-26T15:08:56+00:00\",\"mainEntityOfPage\":{\"@id\":\"https:\\\/\\\/autoeditor.fachbau.ch\\\/de\\\/intelligent-bauen\\\/2025-09-26\\\/lodresso-wird-offizieller-footwear-partner-der-ise-barcelona-2026\\\/\"},\"wordCount\":176,\"publisher\":{\"@id\":\"https:\\\/\\\/autoeditor.fachbau.ch\\\/#organization\"},\"image\":{\"@id\":\"https:\\\/\\\/autoeditor.fachbau.ch\\\/de\\\/intelligent-bauen\\\/2025-09-26\\\/lodresso-wird-offizieller-footwear-partner-der-ise-barcelona-2026\\\/#primaryimage\"},\"thumbnailUrl\":\"https:\\\/\\\/autoeditor.fachbau.ch\\\/wp-content\\\/uploads\\\/2025\\\/09\\\/data.jpeg\",\"inLanguage\":\"de\"},{\"@type\":\"WebPage\",\"@id\":\"https:\\\/\\\/autoeditor.fachbau.ch\\\/de\\\/intelligent-bauen\\\/2025-09-26\\\/lodresso-wird-offizieller-footwear-partner-der-ise-barcelona-2026\\\/\",\"url\":\"https:\\\/\\\/autoeditor.fachbau.ch\\\/de\\\/intelligent-bauen\\\/2025-09-26\\\/lodresso-wird-offizieller-footwear-partner-der-ise-barcelona-2026\\\/\",\"name\":\"Lodresso wird offizieller Footwear Partner der ISE Barcelona 2026 - autoeditor.fachbau.ch\",\"isPartOf\":{\"@id\":\"https:\\\/\\\/autoeditor.fachbau.ch\\\/#website\"},\"primaryImageOfPage\":{\"@id\":\"https:\\\/\\\/autoeditor.fachbau.ch\\\/de\\\/intelligent-bauen\\\/2025-09-26\\\/lodresso-wird-offizieller-footwear-partner-der-ise-barcelona-2026\\\/#primaryimage\"},\"image\":{\"@id\":\"https:\\\/\\\/autoeditor.fachbau.ch\\\/de\\\/intelligent-bauen\\\/2025-09-26\\\/lodresso-wird-offizieller-footwear-partner-der-ise-barcelona-2026\\\/#primaryimage\"},\"thumbnailUrl\":\"https:\\\/\\\/autoeditor.fachbau.ch\\\/wp-content\\\/uploads\\\/2025\\\/09\\\/data.jpeg\",\"datePublished\":\"2025-09-26T15:08:56+00:00\",\"breadcrumb\":{\"@id\":\"https:\\\/\\\/autoeditor.fachbau.ch\\\/de\\\/intelligent-bauen\\\/2025-09-26\\\/lodresso-wird-offizieller-footwear-partner-der-ise-barcelona-2026\\\/#breadcrumb\"},\"inLanguage\":\"de\",\"potentialAction\":[{\"@type\":\"ReadAction\",\"target\":[\"https:\\\/\\\/autoeditor.fachbau.ch\\\/de\\\/intelligent-bauen\\\/2025-09-26\\\/lodresso-wird-offizieller-footwear-partner-der-ise-barcelona-2026\\\/\"]}]},{\"@type\":\"ImageObject\",\"inLanguage\":\"de\",\"@id\":\"https:\\\/\\\/autoeditor.fachbau.ch\\\/de\\\/intelligent-bauen\\\/2025-09-26\\\/lodresso-wird-offizieller-footwear-partner-der-ise-barcelona-2026\\\/#primaryimage\",\"url\":\"https:\\\/\\\/autoeditor.fachbau.ch\\\/wp-content\\\/uploads\\\/2025\\\/09\\\/data.jpeg\",\"contentUrl\":\"https:\\\/\\\/autoeditor.fachbau.ch\\\/wp-content\\\/uploads\\\/2025\\\/09\\\/data.jpeg\"},{\"@type\":\"BreadcrumbList\",\"@id\":\"https:\\\/\\\/autoeditor.fachbau.ch\\\/de\\\/intelligent-bauen\\\/2025-09-26\\\/lodresso-wird-offizieller-footwear-partner-der-ise-barcelona-2026\\\/#breadcrumb\",\"itemListElement\":[{\"@type\":\"ListItem\",\"position\":1,\"name\":\"Startseite\",\"item\":\"https:\\\/\\\/autoeditor.fachbau.ch\\\/\"},{\"@type\":\"ListItem\",\"position\":2,\"name\":\"Lodresso wird offizieller Footwear Partner der ISE Barcelona 2026\"}]},{\"@type\":\"WebSite\",\"@id\":\"https:\\\/\\\/autoeditor.fachbau.ch\\\/#website\",\"url\":\"https:\\\/\\\/autoeditor.fachbau.ch\\\/\",\"name\":\"autoeditor.fachbau.ch\",\"description\":\"\",\"publisher\":{\"@id\":\"https:\\\/\\\/autoeditor.fachbau.ch\\\/#organization\"},\"potentialAction\":[{\"@type\":\"SearchAction\",\"target\":{\"@type\":\"EntryPoint\",\"urlTemplate\":\"https:\\\/\\\/autoeditor.fachbau.ch\\\/?s={search_term_string}\"},\"query-input\":{\"@type\":\"PropertyValueSpecification\",\"valueRequired\":true,\"valueName\":\"search_term_string\"}}],\"inLanguage\":\"de\"},{\"@type\":\"Organization\",\"@id\":\"https:\\\/\\\/autoeditor.fachbau.ch\\\/#organization\",\"name\":\"autoeditor.fachbau.ch\",\"url\":\"https:\\\/\\\/autoeditor.fachbau.ch\\\/\",\"logo\":{\"@type\":\"ImageObject\",\"inLanguage\":\"de\",\"@id\":\"https:\\\/\\\/autoeditor.fachbau.ch\\\/#\\\/schema\\\/logo\\\/image\\\/\",\"url\":\"https:\\\/\\\/autoeditor.fachbau.ch\\\/wp-content\\\/uploads\\\/2025\\\/05\\\/logo.svg\",\"contentUrl\":\"https:\\\/\\\/autoeditor.fachbau.ch\\\/wp-content\\\/uploads\\\/2025\\\/05\\\/logo.svg\",\"width\":763,\"height\":536,\"caption\":\"autoeditor.fachbau.ch\"},\"image\":{\"@id\":\"https:\\\/\\\/autoeditor.fachbau.ch\\\/#\\\/schema\\\/logo\\\/image\\\/\"}},{\"@type\":\"Person\",\"@id\":\"https:\\\/\\\/autoeditor.fachbau.ch\\\/#\\\/schema\\\/person\\\/3d4d3579814f749cfabeb517dd65ca3b\",\"name\":\"n8n\",\"image\":{\"@type\":\"ImageObject\",\"inLanguage\":\"de\",\"@id\":\"https:\\\/\\\/secure.gravatar.com\\\/avatar\\\/78a7f90c01fc2bfc875782a0d4922b37cde2cf184ce347b91316d23cd7f69a36?s=96&d=mm&r=g\",\"url\":\"https:\\\/\\\/secure.gravatar.com\\\/avatar\\\/78a7f90c01fc2bfc875782a0d4922b37cde2cf184ce347b91316d23cd7f69a36?s=96&d=mm&r=g\",\"contentUrl\":\"https:\\\/\\\/secure.gravatar.com\\\/avatar\\\/78a7f90c01fc2bfc875782a0d4922b37cde2cf184ce347b91316d23cd7f69a36?s=96&d=mm&r=g\",\"caption\":\"n8n\"},\"url\":\"https:\\\/\\\/autoeditor.fachbau.ch\\\/de\\\/author\\\/n8n\\\/\"}]}<\/script>\n<!-- \/ Yoast SEO plugin. -->","yoast_head_json":{"title":"Lodresso wird offizieller Footwear Partner der ISE Barcelona 2026 - autoeditor.fachbau.ch","robots":{"index":"index","follow":"follow","max-snippet":"max-snippet:-1","max-image-preview":"max-image-preview:large","max-video-preview":"max-video-preview:-1"},"canonical":"https:\/\/autoeditor.fachbau.ch\/de\/intelligent-bauen\/2025-09-26\/lodresso-wird-offizieller-footwear-partner-der-ise-barcelona-2026\/","og_locale":"de_DE","og_type":"article","og_title":"Lodresso wird offizieller Footwear Partner der ISE Barcelona 2026 - autoeditor.fachbau.ch","og_description":"Die Schweizer Schuhmarke Lodresso wurde zum offiziellen Show Shoe Partner der ISE 2026 in Barcelona ernannt. Zum 100. Todestag von Antoni Gaud\u00ed lanciert das Unternehmen einen limitierten ISE Show Shoe, der von der Formsprache des ber\u00fchmten Architekten inspiriert ist.","og_url":"https:\/\/autoeditor.fachbau.ch\/de\/intelligent-bauen\/2025-09-26\/lodresso-wird-offizieller-footwear-partner-der-ise-barcelona-2026\/","og_site_name":"autoeditor.fachbau.ch","article_published_time":"2025-09-26T15:08:56+00:00","og_image":[{"url":"https:\/\/autoeditor.fachbau.ch\/wp-content\/uploads\/2025\/09\/data.jpeg","type":"","width":"","height":""}],"author":"n8n","twitter_card":"summary_large_image","twitter_misc":{"Verfasst von":"n8n","Gesch\u00e4tzte Lesezeit":"1\u00a0Minute"},"schema":{"@context":"https:\/\/schema.org","@graph":[{"@type":"Article","@id":"https:\/\/autoeditor.fachbau.ch\/de\/intelligent-bauen\/2025-09-26\/lodresso-wird-offizieller-footwear-partner-der-ise-barcelona-2026\/#article","isPartOf":{"@id":"https:\/\/autoeditor.fachbau.ch\/de\/intelligent-bauen\/2025-09-26\/lodresso-wird-offizieller-footwear-partner-der-ise-barcelona-2026\/"},"author":{"name":"n8n","@id":"https:\/\/autoeditor.fachbau.ch\/#\/schema\/person\/3d4d3579814f749cfabeb517dd65ca3b"},"headline":"Lodresso wird offizieller Footwear Partner der ISE Barcelona 2026","datePublished":"2025-09-26T15:08:56+00:00","mainEntityOfPage":{"@id":"https:\/\/autoeditor.fachbau.ch\/de\/intelligent-bauen\/2025-09-26\/lodresso-wird-offizieller-footwear-partner-der-ise-barcelona-2026\/"},"wordCount":176,"publisher":{"@id":"https:\/\/autoeditor.fachbau.ch\/#organization"},"image":{"@id":"https:\/\/autoeditor.fachbau.ch\/de\/intelligent-bauen\/2025-09-26\/lodresso-wird-offizieller-footwear-partner-der-ise-barcelona-2026\/#primaryimage"},"thumbnailUrl":"https:\/\/autoeditor.fachbau.ch\/wp-content\/uploads\/2025\/09\/data.jpeg","inLanguage":"de"},{"@type":"WebPage","@id":"https:\/\/autoeditor.fachbau.ch\/de\/intelligent-bauen\/2025-09-26\/lodresso-wird-offizieller-footwear-partner-der-ise-barcelona-2026\/","url":"https:\/\/autoeditor.fachbau.ch\/de\/intelligent-bauen\/2025-09-26\/lodresso-wird-offizieller-footwear-partner-der-ise-barcelona-2026\/","name":"Lodresso wird offizieller Footwear Partner der ISE Barcelona 2026 - autoeditor.fachbau.ch","isPartOf":{"@id":"https:\/\/autoeditor.fachbau.ch\/#website"},"primaryImageOfPage":{"@id":"https:\/\/autoeditor.fachbau.ch\/de\/intelligent-bauen\/2025-09-26\/lodresso-wird-offizieller-footwear-partner-der-ise-barcelona-2026\/#primaryimage"},"image":{"@id":"https:\/\/autoeditor.fachbau.ch\/de\/intelligent-bauen\/2025-09-26\/lodresso-wird-offizieller-footwear-partner-der-ise-barcelona-2026\/#primaryimage"},"thumbnailUrl":"https:\/\/autoeditor.fachbau.ch\/wp-content\/uploads\/2025\/09\/data.jpeg","datePublished":"2025-09-26T15:08:56+00:00","breadcrumb":{"@id":"https:\/\/autoeditor.fachbau.ch\/de\/intelligent-bauen\/2025-09-26\/lodresso-wird-offizieller-footwear-partner-der-ise-barcelona-2026\/#breadcrumb"},"inLanguage":"de","potentialAction":[{"@type":"ReadAction","target":["https:\/\/autoeditor.fachbau.ch\/de\/intelligent-bauen\/2025-09-26\/lodresso-wird-offizieller-footwear-partner-der-ise-barcelona-2026\/"]}]},{"@type":"ImageObject","inLanguage":"de","@id":"https:\/\/autoeditor.fachbau.ch\/de\/intelligent-bauen\/2025-09-26\/lodresso-wird-offizieller-footwear-partner-der-ise-barcelona-2026\/#primaryimage","url":"https:\/\/autoeditor.fachbau.ch\/wp-content\/uploads\/2025\/09\/data.jpeg","contentUrl":"https:\/\/autoeditor.fachbau.ch\/wp-content\/uploads\/2025\/09\/data.jpeg"},{"@type":"BreadcrumbList","@id":"https:\/\/autoeditor.fachbau.ch\/de\/intelligent-bauen\/2025-09-26\/lodresso-wird-offizieller-footwear-partner-der-ise-barcelona-2026\/#breadcrumb","itemListElement":[{"@type":"ListItem","position":1,"name":"Startseite","item":"https:\/\/autoeditor.fachbau.ch\/"},{"@type":"ListItem","position":2,"name":"Lodresso wird offizieller Footwear Partner der ISE Barcelona 2026"}]},{"@type":"WebSite","@id":"https:\/\/autoeditor.fachbau.ch\/#website","url":"https:\/\/autoeditor.fachbau.ch\/","name":"autoeditor.fachbau.ch","description":"","publisher":{"@id":"https:\/\/autoeditor.fachbau.ch\/#organization"},"potentialAction":[{"@type":"SearchAction","target":{"@type":"EntryPoint","urlTemplate":"https:\/\/autoeditor.fachbau.ch\/?s={search_term_string}"},"query-input":{"@type":"PropertyValueSpecification","valueRequired":true,"valueName":"search_term_string"}}],"inLanguage":"de"},{"@type":"Organization","@id":"https:\/\/autoeditor.fachbau.ch\/#organization","name":"autoeditor.fachbau.ch","url":"https:\/\/autoeditor.fachbau.ch\/","logo":{"@type":"ImageObject","inLanguage":"de","@id":"https:\/\/autoeditor.fachbau.ch\/#\/schema\/logo\/image\/","url":"https:\/\/autoeditor.fachbau.ch\/wp-content\/uploads\/2025\/05\/logo.svg","contentUrl":"https:\/\/autoeditor.fachbau.ch\/wp-content\/uploads\/2025\/05\/logo.svg","width":763,"height":536,"caption":"autoeditor.fachbau.ch"},"image":{"@id":"https:\/\/autoeditor.fachbau.ch\/#\/schema\/logo\/image\/"}},{"@type":"Person","@id":"https:\/\/autoeditor.fachbau.ch\/#\/schema\/person\/3d4d3579814f749cfabeb517dd65ca3b","name":"n8n","image":{"@type":"ImageObject","inLanguage":"de","@id":"https:\/\/secure.gravatar.com\/avatar\/78a7f90c01fc2bfc875782a0d4922b37cde2cf184ce347b91316d23cd7f69a36?s=96&d=mm&r=g","url":"https:\/\/secure.gravatar.com\/avatar\/78a7f90c01fc2bfc875782a0d4922b37cde2cf184ce347b91316d23cd7f69a36?s=96&d=mm&r=g","contentUrl":"https:\/\/secure.gravatar.com\/avatar\/78a7f90c01fc2bfc875782a0d4922b37cde2cf184ce347b91316d23cd7f69a36?s=96&d=mm&r=g","caption":"n8n"},"url":"https:\/\/autoeditor.fachbau.ch\/de\/author\/n8n\/"}]}},"_links":{"self":[{"href":"https:\/\/autoeditor.fachbau.ch\/de\/wp-json\/wp\/v2\/posts\/25766","targetHints":{"allow":["GET"]}}],"collection":[{"href":"https:\/\/autoeditor.fachbau.ch\/de\/wp-json\/wp\/v2\/posts"}],"about":[{"href":"https:\/\/autoeditor.fachbau.ch\/de\/wp-json\/wp\/v2\/types\/post"}],"author":[{"embeddable":true,"href":"https:\/\/autoeditor.fachbau.ch\/de\/wp-json\/wp\/v2\/users\/3231"}],"replies":[{"embeddable":true,"href":"https:\/\/autoeditor.fachbau.ch\/de\/wp-json\/wp\/v2\/comments?post=25766"}],"version-history":[{"count":0,"href":"https:\/\/autoeditor.fachbau.ch\/de\/wp-json\/wp\/v2\/posts\/25766\/revisions"}],"wp:attachment":[{"href":"https:\/\/autoeditor.fachbau.ch\/de\/wp-json\/wp\/v2\/media?parent=25766"}],"wp:term":[{"taxonomy":"category","embeddable":true,"href":"https:\/\/autoeditor.fachbau.ch\/de\/wp-json\/wp\/v2\/categories?post=25766"},{"taxonomy":"post_tag","embeddable":true,"href":"https:\/\/autoeditor.fachbau.ch\/de\/wp-json\/wp\/v2\/tags?post=25766"}],"curies":[{"name":"wp","href":"https:\/\/api.w.org\/{rel}","templated":true}]}}