{"id":25772,"date":"2025-09-26T17:33:57","date_gmt":"2025-09-26T15:33:57","guid":{"rendered":"https:\/\/autoeditor.fachbau.ch\/de\/intelligent-bauen\/2025-09-26\/maybaum-film-gewinnt-silber-in-cannes-fuer-raiffeisen-film\/"},"modified":"2025-09-26T17:33:57","modified_gmt":"2025-09-26T15:33:57","slug":"maybaum-film-gewinnt-silber-in-cannes-fuer-raiffeisen-film","status":"publish","type":"post","link":"https:\/\/autoeditor.fachbau.ch\/de\/intelligent-bauen\/2025-09-26\/maybaum-film-gewinnt-silber-in-cannes-fuer-raiffeisen-film\/","title":{"rendered":"Maybaum Film gewinnt Silber in Cannes f\u00fcr Raiffeisen-Film"},"content":{"rendered":"<figure><img decoding=\"async\" src=\"https:\/\/autoeditor.fachbau.ch\/wp-content\/uploads\/2025\/09\/Raiffeisen_Still_II_20240904.jpg\" alt=\"Szene aus dem pr\u00e4mierten Raiffeisenbank-Film\" \/><figcaption>Szene aus dem pr\u00e4mierten Film \u00abSo sind wir eben\u00bb (Bild: zvg)<\/figcaption><\/figure>\n<p>Maybaum Film wurde bei den diesj\u00e4hrigen Cannes Corporate Media &#038; TV Awards mit einem Silbernen Delfin ausgezeichnet. Die Auszeichnung erfolgte in der Kategorie Human Resources f\u00fcr den Film \u00abSo sind wir eben\u00bb, der f\u00fcr die Raiffeisenbank Surbtal-Wehntal realisiert wurde.<\/p>\n<p>Die Preisverleihung fand am 24. und 25. September 2025 in Cannes statt. Mit dem Film portr\u00e4tiert die Raiffeisenbank Surbtal-Wehntal authentisch ihre Unternehmenskultur und Mitarbeitenden. Im Zentrum stehen echte Mitarbeitende, die mit ihrer Pers\u00f6nlichkeit und Offenheit einen Einblick in die Werte und das Miteinander der Bank geben.<\/p>\n<p><iframe loading=\"lazy\" title=\"Raiffeisen Surbtal-Wehntal | So sind wir eben | Employer Branding\" width=\"768\" height=\"432\" src=\"https:\/\/www.youtube.com\/embed\/6AXf0uGRVsI?feature=oembed\" frameborder=\"0\" allow=\"accelerometer; autoplay; clipboard-write; encrypted-media; gyroscope; picture-in-picture; web-share\" referrerpolicy=\"strict-origin-when-cross-origin\" allowfullscreen><\/iframe><\/p>\n<figure><img decoding=\"async\" src=\"https:\/\/autoeditor.fachbau.ch\/wp-content\/uploads\/2025\/09\/Maybaum_Film_in_Cannes_2025.jpeg\" alt=\"Preisverleihung in Cannes\" \/><figcaption>Die Preisverleihung fand in Cannes statt (Bild: zvg)<\/figcaption><\/figure>\n<p>Der pr\u00e4mierte Film wird sowohl f\u00fcr Recruiting als auch zur Imagepflege in der Region eingesetzt. Die Badener Videoproduktion Maybaum Film, die seit 2006 im Einsatz ist und seit 2020 als AG firmiert, besch\u00e4ftigt 25 Mitarbeitende. Als Mitglied der Swissfilm Association verf\u00fcgt das Unternehmen \u00fcber Niederlassungen in Baden, Bern und Z\u00fcrich sowie \u00fcber vier unabh\u00e4ngige Kamera-Teams mit eigenem Greenscreen- und Videopodcast-Studio.<\/p>\n<hr \/>\n<p><strong>Verantwortlich bei Raiffeisenbank Surbtal-Wehntal:<\/strong> Christoph H\u00e4fliger (Vorsitzender der Bankleitung), Stefanie Bechtel (Leiterin Markt &#038; Vertrieb), Sandra Spuhler (Leiterin Marketing)<br \/>\n<strong>Verantwortlich bei Maybaum Film:<\/strong> Flavio Alraun (Head of Producer), Till H\u00fcssy (Co-Produzent), Sara Maag (Kamera &#038; Schnitt), Svjatoslav Skabarin (AC), Silvan Michel (Color), Tim Zumstein (Mastering &#038; Sound)<\/p>\n","protected":false},"excerpt":{"rendered":"<p>Die Badener Videoproduktion Maybaum Film wurde bei den Cannes Corporate Media &#038; TV Awards 2025 mit einem Silbernen Delfin ausgezeichnet. Der Film \u00abSo sind wir eben\u00bb f\u00fcr die Raiffeisenbank Surbtal-Wehntal \u00fcberzeugte in der Kategorie Human Resources.<\/p>\n","protected":false},"author":3231,"featured_media":0,"comment_status":"closed","ping_status":"closed","sticky":false,"template":"","format":"standard","meta":{"_acf_changed":false,"_yoast_wpseo_focuskw":"","_yoast_wpseo_metadesc":"","footnotes":""},"categories":[],"tags":[],"class_list":["post-25772","post","type-post","status-publish","format-standard","hentry"],"acf":[],"yoast_head":"<!-- This site is optimized with the Yoast SEO plugin v27.4 - https:\/\/yoast.com\/product\/yoast-seo-wordpress\/ -->\n<title>Maybaum Film gewinnt Silber in Cannes f\u00fcr Raiffeisen-Film - autoeditor.fachbau.ch<\/title>\n<meta name=\"robots\" content=\"index, follow, max-snippet:-1, max-image-preview:large, max-video-preview:-1\" \/>\n<link rel=\"canonical\" href=\"https:\/\/autoeditor.fachbau.ch\/de\/intelligent-bauen\/2025-09-26\/maybaum-film-gewinnt-silber-in-cannes-fuer-raiffeisen-film\/\" \/>\n<meta property=\"og:locale\" content=\"de_DE\" \/>\n<meta property=\"og:type\" content=\"article\" \/>\n<meta property=\"og:title\" content=\"Maybaum Film gewinnt Silber in Cannes f\u00fcr Raiffeisen-Film - autoeditor.fachbau.ch\" \/>\n<meta property=\"og:description\" content=\"Die Badener Videoproduktion Maybaum Film wurde bei den Cannes Corporate Media &amp; TV Awards 2025 mit einem Silbernen Delfin ausgezeichnet. Der Film \u00abSo sind wir eben\u00bb f\u00fcr die Raiffeisenbank Surbtal-Wehntal \u00fcberzeugte in der Kategorie Human Resources.\" \/>\n<meta property=\"og:url\" content=\"https:\/\/autoeditor.fachbau.ch\/de\/intelligent-bauen\/2025-09-26\/maybaum-film-gewinnt-silber-in-cannes-fuer-raiffeisen-film\/\" \/>\n<meta property=\"og:site_name\" content=\"autoeditor.fachbau.ch\" \/>\n<meta property=\"article:published_time\" content=\"2025-09-26T15:33:57+00:00\" \/>\n<meta property=\"og:image\" content=\"https:\/\/autoeditor.fachbau.ch\/wp-content\/uploads\/2025\/09\/Raiffeisen_Still_II_20240904.jpg\" \/>\n<meta name=\"author\" content=\"n8n\" \/>\n<meta name=\"twitter:card\" content=\"summary_large_image\" \/>\n<meta name=\"twitter:label1\" content=\"Verfasst von\" \/>\n\t<meta name=\"twitter:data1\" content=\"n8n\" \/>\n\t<meta name=\"twitter:label2\" content=\"Gesch\u00e4tzte Lesezeit\" \/>\n\t<meta name=\"twitter:data2\" content=\"1\u00a0Minute\" \/>\n<script type=\"application\/ld+json\" class=\"yoast-schema-graph\">{\"@context\":\"https:\\\/\\\/schema.org\",\"@graph\":[{\"@type\":\"Article\",\"@id\":\"https:\\\/\\\/autoeditor.fachbau.ch\\\/de\\\/intelligent-bauen\\\/2025-09-26\\\/maybaum-film-gewinnt-silber-in-cannes-fuer-raiffeisen-film\\\/#article\",\"isPartOf\":{\"@id\":\"https:\\\/\\\/autoeditor.fachbau.ch\\\/de\\\/intelligent-bauen\\\/2025-09-26\\\/maybaum-film-gewinnt-silber-in-cannes-fuer-raiffeisen-film\\\/\"},\"author\":{\"name\":\"n8n\",\"@id\":\"https:\\\/\\\/autoeditor.fachbau.ch\\\/#\\\/schema\\\/person\\\/3d4d3579814f749cfabeb517dd65ca3b\"},\"headline\":\"Maybaum Film gewinnt Silber in Cannes f\u00fcr Raiffeisen-Film\",\"datePublished\":\"2025-09-26T15:33:57+00:00\",\"mainEntityOfPage\":{\"@id\":\"https:\\\/\\\/autoeditor.fachbau.ch\\\/de\\\/intelligent-bauen\\\/2025-09-26\\\/maybaum-film-gewinnt-silber-in-cannes-fuer-raiffeisen-film\\\/\"},\"wordCount\":229,\"publisher\":{\"@id\":\"https:\\\/\\\/autoeditor.fachbau.ch\\\/#organization\"},\"image\":{\"@id\":\"https:\\\/\\\/autoeditor.fachbau.ch\\\/de\\\/intelligent-bauen\\\/2025-09-26\\\/maybaum-film-gewinnt-silber-in-cannes-fuer-raiffeisen-film\\\/#primaryimage\"},\"thumbnailUrl\":\"https:\\\/\\\/autoeditor.fachbau.ch\\\/wp-content\\\/uploads\\\/2025\\\/09\\\/Raiffeisen_Still_II_20240904.jpg\",\"inLanguage\":\"de\"},{\"@type\":\"WebPage\",\"@id\":\"https:\\\/\\\/autoeditor.fachbau.ch\\\/de\\\/intelligent-bauen\\\/2025-09-26\\\/maybaum-film-gewinnt-silber-in-cannes-fuer-raiffeisen-film\\\/\",\"url\":\"https:\\\/\\\/autoeditor.fachbau.ch\\\/de\\\/intelligent-bauen\\\/2025-09-26\\\/maybaum-film-gewinnt-silber-in-cannes-fuer-raiffeisen-film\\\/\",\"name\":\"Maybaum Film gewinnt Silber in Cannes f\u00fcr Raiffeisen-Film - autoeditor.fachbau.ch\",\"isPartOf\":{\"@id\":\"https:\\\/\\\/autoeditor.fachbau.ch\\\/#website\"},\"primaryImageOfPage\":{\"@id\":\"https:\\\/\\\/autoeditor.fachbau.ch\\\/de\\\/intelligent-bauen\\\/2025-09-26\\\/maybaum-film-gewinnt-silber-in-cannes-fuer-raiffeisen-film\\\/#primaryimage\"},\"image\":{\"@id\":\"https:\\\/\\\/autoeditor.fachbau.ch\\\/de\\\/intelligent-bauen\\\/2025-09-26\\\/maybaum-film-gewinnt-silber-in-cannes-fuer-raiffeisen-film\\\/#primaryimage\"},\"thumbnailUrl\":\"https:\\\/\\\/autoeditor.fachbau.ch\\\/wp-content\\\/uploads\\\/2025\\\/09\\\/Raiffeisen_Still_II_20240904.jpg\",\"datePublished\":\"2025-09-26T15:33:57+00:00\",\"breadcrumb\":{\"@id\":\"https:\\\/\\\/autoeditor.fachbau.ch\\\/de\\\/intelligent-bauen\\\/2025-09-26\\\/maybaum-film-gewinnt-silber-in-cannes-fuer-raiffeisen-film\\\/#breadcrumb\"},\"inLanguage\":\"de\",\"potentialAction\":[{\"@type\":\"ReadAction\",\"target\":[\"https:\\\/\\\/autoeditor.fachbau.ch\\\/de\\\/intelligent-bauen\\\/2025-09-26\\\/maybaum-film-gewinnt-silber-in-cannes-fuer-raiffeisen-film\\\/\"]}]},{\"@type\":\"ImageObject\",\"inLanguage\":\"de\",\"@id\":\"https:\\\/\\\/autoeditor.fachbau.ch\\\/de\\\/intelligent-bauen\\\/2025-09-26\\\/maybaum-film-gewinnt-silber-in-cannes-fuer-raiffeisen-film\\\/#primaryimage\",\"url\":\"https:\\\/\\\/autoeditor.fachbau.ch\\\/wp-content\\\/uploads\\\/2025\\\/09\\\/Raiffeisen_Still_II_20240904.jpg\",\"contentUrl\":\"https:\\\/\\\/autoeditor.fachbau.ch\\\/wp-content\\\/uploads\\\/2025\\\/09\\\/Raiffeisen_Still_II_20240904.jpg\"},{\"@type\":\"BreadcrumbList\",\"@id\":\"https:\\\/\\\/autoeditor.fachbau.ch\\\/de\\\/intelligent-bauen\\\/2025-09-26\\\/maybaum-film-gewinnt-silber-in-cannes-fuer-raiffeisen-film\\\/#breadcrumb\",\"itemListElement\":[{\"@type\":\"ListItem\",\"position\":1,\"name\":\"Startseite\",\"item\":\"https:\\\/\\\/autoeditor.fachbau.ch\\\/\"},{\"@type\":\"ListItem\",\"position\":2,\"name\":\"Maybaum Film gewinnt Silber in Cannes f\u00fcr Raiffeisen-Film\"}]},{\"@type\":\"WebSite\",\"@id\":\"https:\\\/\\\/autoeditor.fachbau.ch\\\/#website\",\"url\":\"https:\\\/\\\/autoeditor.fachbau.ch\\\/\",\"name\":\"autoeditor.fachbau.ch\",\"description\":\"\",\"publisher\":{\"@id\":\"https:\\\/\\\/autoeditor.fachbau.ch\\\/#organization\"},\"potentialAction\":[{\"@type\":\"SearchAction\",\"target\":{\"@type\":\"EntryPoint\",\"urlTemplate\":\"https:\\\/\\\/autoeditor.fachbau.ch\\\/?s={search_term_string}\"},\"query-input\":{\"@type\":\"PropertyValueSpecification\",\"valueRequired\":true,\"valueName\":\"search_term_string\"}}],\"inLanguage\":\"de\"},{\"@type\":\"Organization\",\"@id\":\"https:\\\/\\\/autoeditor.fachbau.ch\\\/#organization\",\"name\":\"autoeditor.fachbau.ch\",\"url\":\"https:\\\/\\\/autoeditor.fachbau.ch\\\/\",\"logo\":{\"@type\":\"ImageObject\",\"inLanguage\":\"de\",\"@id\":\"https:\\\/\\\/autoeditor.fachbau.ch\\\/#\\\/schema\\\/logo\\\/image\\\/\",\"url\":\"https:\\\/\\\/autoeditor.fachbau.ch\\\/wp-content\\\/uploads\\\/2025\\\/05\\\/logo.svg\",\"contentUrl\":\"https:\\\/\\\/autoeditor.fachbau.ch\\\/wp-content\\\/uploads\\\/2025\\\/05\\\/logo.svg\",\"width\":763,\"height\":536,\"caption\":\"autoeditor.fachbau.ch\"},\"image\":{\"@id\":\"https:\\\/\\\/autoeditor.fachbau.ch\\\/#\\\/schema\\\/logo\\\/image\\\/\"}},{\"@type\":\"Person\",\"@id\":\"https:\\\/\\\/autoeditor.fachbau.ch\\\/#\\\/schema\\\/person\\\/3d4d3579814f749cfabeb517dd65ca3b\",\"name\":\"n8n\",\"image\":{\"@type\":\"ImageObject\",\"inLanguage\":\"de\",\"@id\":\"https:\\\/\\\/secure.gravatar.com\\\/avatar\\\/78a7f90c01fc2bfc875782a0d4922b37cde2cf184ce347b91316d23cd7f69a36?s=96&d=mm&r=g\",\"url\":\"https:\\\/\\\/secure.gravatar.com\\\/avatar\\\/78a7f90c01fc2bfc875782a0d4922b37cde2cf184ce347b91316d23cd7f69a36?s=96&d=mm&r=g\",\"contentUrl\":\"https:\\\/\\\/secure.gravatar.com\\\/avatar\\\/78a7f90c01fc2bfc875782a0d4922b37cde2cf184ce347b91316d23cd7f69a36?s=96&d=mm&r=g\",\"caption\":\"n8n\"},\"url\":\"https:\\\/\\\/autoeditor.fachbau.ch\\\/de\\\/author\\\/n8n\\\/\"}]}<\/script>\n<!-- \/ Yoast SEO plugin. -->","yoast_head_json":{"title":"Maybaum Film gewinnt Silber in Cannes f\u00fcr Raiffeisen-Film - autoeditor.fachbau.ch","robots":{"index":"index","follow":"follow","max-snippet":"max-snippet:-1","max-image-preview":"max-image-preview:large","max-video-preview":"max-video-preview:-1"},"canonical":"https:\/\/autoeditor.fachbau.ch\/de\/intelligent-bauen\/2025-09-26\/maybaum-film-gewinnt-silber-in-cannes-fuer-raiffeisen-film\/","og_locale":"de_DE","og_type":"article","og_title":"Maybaum Film gewinnt Silber in Cannes f\u00fcr Raiffeisen-Film - autoeditor.fachbau.ch","og_description":"Die Badener Videoproduktion Maybaum Film wurde bei den Cannes Corporate Media & TV Awards 2025 mit einem Silbernen Delfin ausgezeichnet. Der Film \u00abSo sind wir eben\u00bb f\u00fcr die Raiffeisenbank Surbtal-Wehntal \u00fcberzeugte in der Kategorie Human Resources.","og_url":"https:\/\/autoeditor.fachbau.ch\/de\/intelligent-bauen\/2025-09-26\/maybaum-film-gewinnt-silber-in-cannes-fuer-raiffeisen-film\/","og_site_name":"autoeditor.fachbau.ch","article_published_time":"2025-09-26T15:33:57+00:00","og_image":[{"url":"https:\/\/autoeditor.fachbau.ch\/wp-content\/uploads\/2025\/09\/Raiffeisen_Still_II_20240904.jpg","type":"","width":"","height":""}],"author":"n8n","twitter_card":"summary_large_image","twitter_misc":{"Verfasst von":"n8n","Gesch\u00e4tzte Lesezeit":"1\u00a0Minute"},"schema":{"@context":"https:\/\/schema.org","@graph":[{"@type":"Article","@id":"https:\/\/autoeditor.fachbau.ch\/de\/intelligent-bauen\/2025-09-26\/maybaum-film-gewinnt-silber-in-cannes-fuer-raiffeisen-film\/#article","isPartOf":{"@id":"https:\/\/autoeditor.fachbau.ch\/de\/intelligent-bauen\/2025-09-26\/maybaum-film-gewinnt-silber-in-cannes-fuer-raiffeisen-film\/"},"author":{"name":"n8n","@id":"https:\/\/autoeditor.fachbau.ch\/#\/schema\/person\/3d4d3579814f749cfabeb517dd65ca3b"},"headline":"Maybaum Film gewinnt Silber in Cannes f\u00fcr Raiffeisen-Film","datePublished":"2025-09-26T15:33:57+00:00","mainEntityOfPage":{"@id":"https:\/\/autoeditor.fachbau.ch\/de\/intelligent-bauen\/2025-09-26\/maybaum-film-gewinnt-silber-in-cannes-fuer-raiffeisen-film\/"},"wordCount":229,"publisher":{"@id":"https:\/\/autoeditor.fachbau.ch\/#organization"},"image":{"@id":"https:\/\/autoeditor.fachbau.ch\/de\/intelligent-bauen\/2025-09-26\/maybaum-film-gewinnt-silber-in-cannes-fuer-raiffeisen-film\/#primaryimage"},"thumbnailUrl":"https:\/\/autoeditor.fachbau.ch\/wp-content\/uploads\/2025\/09\/Raiffeisen_Still_II_20240904.jpg","inLanguage":"de"},{"@type":"WebPage","@id":"https:\/\/autoeditor.fachbau.ch\/de\/intelligent-bauen\/2025-09-26\/maybaum-film-gewinnt-silber-in-cannes-fuer-raiffeisen-film\/","url":"https:\/\/autoeditor.fachbau.ch\/de\/intelligent-bauen\/2025-09-26\/maybaum-film-gewinnt-silber-in-cannes-fuer-raiffeisen-film\/","name":"Maybaum Film gewinnt Silber in Cannes f\u00fcr Raiffeisen-Film - autoeditor.fachbau.ch","isPartOf":{"@id":"https:\/\/autoeditor.fachbau.ch\/#website"},"primaryImageOfPage":{"@id":"https:\/\/autoeditor.fachbau.ch\/de\/intelligent-bauen\/2025-09-26\/maybaum-film-gewinnt-silber-in-cannes-fuer-raiffeisen-film\/#primaryimage"},"image":{"@id":"https:\/\/autoeditor.fachbau.ch\/de\/intelligent-bauen\/2025-09-26\/maybaum-film-gewinnt-silber-in-cannes-fuer-raiffeisen-film\/#primaryimage"},"thumbnailUrl":"https:\/\/autoeditor.fachbau.ch\/wp-content\/uploads\/2025\/09\/Raiffeisen_Still_II_20240904.jpg","datePublished":"2025-09-26T15:33:57+00:00","breadcrumb":{"@id":"https:\/\/autoeditor.fachbau.ch\/de\/intelligent-bauen\/2025-09-26\/maybaum-film-gewinnt-silber-in-cannes-fuer-raiffeisen-film\/#breadcrumb"},"inLanguage":"de","potentialAction":[{"@type":"ReadAction","target":["https:\/\/autoeditor.fachbau.ch\/de\/intelligent-bauen\/2025-09-26\/maybaum-film-gewinnt-silber-in-cannes-fuer-raiffeisen-film\/"]}]},{"@type":"ImageObject","inLanguage":"de","@id":"https:\/\/autoeditor.fachbau.ch\/de\/intelligent-bauen\/2025-09-26\/maybaum-film-gewinnt-silber-in-cannes-fuer-raiffeisen-film\/#primaryimage","url":"https:\/\/autoeditor.fachbau.ch\/wp-content\/uploads\/2025\/09\/Raiffeisen_Still_II_20240904.jpg","contentUrl":"https:\/\/autoeditor.fachbau.ch\/wp-content\/uploads\/2025\/09\/Raiffeisen_Still_II_20240904.jpg"},{"@type":"BreadcrumbList","@id":"https:\/\/autoeditor.fachbau.ch\/de\/intelligent-bauen\/2025-09-26\/maybaum-film-gewinnt-silber-in-cannes-fuer-raiffeisen-film\/#breadcrumb","itemListElement":[{"@type":"ListItem","position":1,"name":"Startseite","item":"https:\/\/autoeditor.fachbau.ch\/"},{"@type":"ListItem","position":2,"name":"Maybaum Film gewinnt Silber in Cannes f\u00fcr Raiffeisen-Film"}]},{"@type":"WebSite","@id":"https:\/\/autoeditor.fachbau.ch\/#website","url":"https:\/\/autoeditor.fachbau.ch\/","name":"autoeditor.fachbau.ch","description":"","publisher":{"@id":"https:\/\/autoeditor.fachbau.ch\/#organization"},"potentialAction":[{"@type":"SearchAction","target":{"@type":"EntryPoint","urlTemplate":"https:\/\/autoeditor.fachbau.ch\/?s={search_term_string}"},"query-input":{"@type":"PropertyValueSpecification","valueRequired":true,"valueName":"search_term_string"}}],"inLanguage":"de"},{"@type":"Organization","@id":"https:\/\/autoeditor.fachbau.ch\/#organization","name":"autoeditor.fachbau.ch","url":"https:\/\/autoeditor.fachbau.ch\/","logo":{"@type":"ImageObject","inLanguage":"de","@id":"https:\/\/autoeditor.fachbau.ch\/#\/schema\/logo\/image\/","url":"https:\/\/autoeditor.fachbau.ch\/wp-content\/uploads\/2025\/05\/logo.svg","contentUrl":"https:\/\/autoeditor.fachbau.ch\/wp-content\/uploads\/2025\/05\/logo.svg","width":763,"height":536,"caption":"autoeditor.fachbau.ch"},"image":{"@id":"https:\/\/autoeditor.fachbau.ch\/#\/schema\/logo\/image\/"}},{"@type":"Person","@id":"https:\/\/autoeditor.fachbau.ch\/#\/schema\/person\/3d4d3579814f749cfabeb517dd65ca3b","name":"n8n","image":{"@type":"ImageObject","inLanguage":"de","@id":"https:\/\/secure.gravatar.com\/avatar\/78a7f90c01fc2bfc875782a0d4922b37cde2cf184ce347b91316d23cd7f69a36?s=96&d=mm&r=g","url":"https:\/\/secure.gravatar.com\/avatar\/78a7f90c01fc2bfc875782a0d4922b37cde2cf184ce347b91316d23cd7f69a36?s=96&d=mm&r=g","contentUrl":"https:\/\/secure.gravatar.com\/avatar\/78a7f90c01fc2bfc875782a0d4922b37cde2cf184ce347b91316d23cd7f69a36?s=96&d=mm&r=g","caption":"n8n"},"url":"https:\/\/autoeditor.fachbau.ch\/de\/author\/n8n\/"}]}},"_links":{"self":[{"href":"https:\/\/autoeditor.fachbau.ch\/de\/wp-json\/wp\/v2\/posts\/25772","targetHints":{"allow":["GET"]}}],"collection":[{"href":"https:\/\/autoeditor.fachbau.ch\/de\/wp-json\/wp\/v2\/posts"}],"about":[{"href":"https:\/\/autoeditor.fachbau.ch\/de\/wp-json\/wp\/v2\/types\/post"}],"author":[{"embeddable":true,"href":"https:\/\/autoeditor.fachbau.ch\/de\/wp-json\/wp\/v2\/users\/3231"}],"replies":[{"embeddable":true,"href":"https:\/\/autoeditor.fachbau.ch\/de\/wp-json\/wp\/v2\/comments?post=25772"}],"version-history":[{"count":0,"href":"https:\/\/autoeditor.fachbau.ch\/de\/wp-json\/wp\/v2\/posts\/25772\/revisions"}],"wp:attachment":[{"href":"https:\/\/autoeditor.fachbau.ch\/de\/wp-json\/wp\/v2\/media?parent=25772"}],"wp:term":[{"taxonomy":"category","embeddable":true,"href":"https:\/\/autoeditor.fachbau.ch\/de\/wp-json\/wp\/v2\/categories?post=25772"},{"taxonomy":"post_tag","embeddable":true,"href":"https:\/\/autoeditor.fachbau.ch\/de\/wp-json\/wp\/v2\/tags?post=25772"}],"curies":[{"name":"wp","href":"https:\/\/api.w.org\/{rel}","templated":true}]}}