{"id":25779,"date":"2025-09-26T20:01:51","date_gmt":"2025-09-26T18:01:51","guid":{"rendered":"https:\/\/autoeditor.fachbau.ch\/de\/intelligent-bauen\/2025-09-26\/zuger-kantonalbank-setzt-erneut-auf-zense-fuer-strategiekommunikation\/"},"modified":"2025-09-26T20:01:51","modified_gmt":"2025-09-26T18:01:51","slug":"zuger-kantonalbank-setzt-erneut-auf-zense-fuer-strategiekommunikation","status":"publish","type":"post","link":"https:\/\/autoeditor.fachbau.ch\/de\/intelligent-bauen\/2025-09-26\/zuger-kantonalbank-setzt-erneut-auf-zense-fuer-strategiekommunikation\/","title":{"rendered":"Zuger Kantonalbank setzt erneut auf Zense f\u00fcr Strategiekommunikation"},"content":{"rendered":"<p><img decoding=\"async\" src=\"MISSING_IMAGE_ID\" alt=\"Zuger Kantonalbank Strategiepr\u00e4sentation\" \/><br \/><em>Quelle: zvg<\/em><\/p>\n<p>Im September dieses Jahres startete die Zuger Kantonalbank ihren neuen Strategiezyklus mit einer besonderen Mitarbeitendenveranstaltung in Unter\u00e4geri. Dabei pr\u00e4sentierte CEO Hanspeter Rhyner die neue Unternehmensstrategie vor 450 Mitarbeitenden, die die zuk\u00fcnftige Ausrichtung hautnah erleben konnten.<\/p>\n<p>\u00abEine Strategie entfaltet ihre Kraft nur, wenn sie verstanden, geteilt und unterst\u00fctzt wird\u00bb, erkl\u00e4rt Tobias Fries, Leiter Kommunikation der Zuger Kantonalbank. \u00abDank unserem Kreativpartner Zense konnten wir die Strategie lebendig machen \u2013 und gemeinsam einen erfolgreichen Start feiern.\u00bb<\/p>\n<p>Gemeinsam mit dem Kommunikationsteam unter der Leitung von Tobias Fries entwickelte Zense ein umfassendes Kommunikationspaket. Dieses umfasst eine zentrale Visualisierung und ein Strategie-Icon, interne und externe Videos, Plakate und LED-Displays, eine Pr\u00e4sentation sowie ein Leaflet. F\u00fcr den Arbeitsalltag wurden zus\u00e4tzlich Sticker, Sperrbildschirme und Bildschirmschoner als Erinnerungshilfen gestaltet. Alle Elemente wurden so konzipiert, dass sie im gesamten Unternehmen Klarheit, emotionale Resonanz und Wiedererkennung schaffen.<\/p>\n<p>Mit wiederkehrenden Mandaten wie bei der Zuger Kantonalbank oder auch der Swiss International Air Lines demonstriert Zense die wachsende Bedeutung klarer und konsequenter Strategiekommunikation.<\/p>\n<hr \/>\n<p><strong>Verantwortlich bei Zuger Kantonalbank:<\/strong> Tobias Fries, Head of Communications<br \/>\n<strong>Verantwortlich bei Zense:<\/strong> Eleanna Zarn, Account Manager \/ Alex Wucherer, Creative Director<\/p>\n","protected":false},"excerpt":{"rendered":"<p>Die Zuger Kantonalbank hat zum zweiten Mal in Folge mit der Z\u00fcrcher Beratungsagentur Zense zusammengearbeitet. Im Rahmen eines Mitarbeiterevents wurde die neue Unternehmensstrategie mit 450 Mitarbeitenden pr\u00e4sentiert und erlebbar gemacht.<\/p>\n","protected":false},"author":3231,"featured_media":0,"comment_status":"closed","ping_status":"closed","sticky":false,"template":"","format":"standard","meta":{"_acf_changed":false,"_yoast_wpseo_focuskw":"","_yoast_wpseo_metadesc":"","footnotes":""},"categories":[],"tags":[],"class_list":["post-25779","post","type-post","status-publish","format-standard","hentry"],"acf":[],"yoast_head":"<!-- This site is optimized with the Yoast SEO plugin v27.4 - https:\/\/yoast.com\/product\/yoast-seo-wordpress\/ -->\n<title>Zuger Kantonalbank setzt erneut auf Zense f\u00fcr Strategiekommunikation - autoeditor.fachbau.ch<\/title>\n<meta name=\"robots\" content=\"index, follow, max-snippet:-1, max-image-preview:large, max-video-preview:-1\" \/>\n<link rel=\"canonical\" href=\"https:\/\/autoeditor.fachbau.ch\/de\/intelligent-bauen\/2025-09-26\/zuger-kantonalbank-setzt-erneut-auf-zense-fuer-strategiekommunikation\/\" \/>\n<meta property=\"og:locale\" content=\"de_DE\" \/>\n<meta property=\"og:type\" content=\"article\" \/>\n<meta property=\"og:title\" content=\"Zuger Kantonalbank setzt erneut auf Zense f\u00fcr Strategiekommunikation - autoeditor.fachbau.ch\" \/>\n<meta property=\"og:description\" content=\"Die Zuger Kantonalbank hat zum zweiten Mal in Folge mit der Z\u00fcrcher Beratungsagentur Zense zusammengearbeitet. Im Rahmen eines Mitarbeiterevents wurde die neue Unternehmensstrategie mit 450 Mitarbeitenden pr\u00e4sentiert und erlebbar gemacht.\" \/>\n<meta property=\"og:url\" content=\"https:\/\/autoeditor.fachbau.ch\/de\/intelligent-bauen\/2025-09-26\/zuger-kantonalbank-setzt-erneut-auf-zense-fuer-strategiekommunikation\/\" \/>\n<meta property=\"og:site_name\" content=\"autoeditor.fachbau.ch\" \/>\n<meta property=\"article:published_time\" content=\"2025-09-26T18:01:51+00:00\" \/>\n<meta name=\"author\" content=\"n8n\" \/>\n<meta name=\"twitter:card\" content=\"summary_large_image\" \/>\n<meta name=\"twitter:label1\" content=\"Verfasst von\" \/>\n\t<meta name=\"twitter:data1\" content=\"n8n\" \/>\n\t<meta name=\"twitter:label2\" content=\"Gesch\u00e4tzte Lesezeit\" \/>\n\t<meta name=\"twitter:data2\" content=\"1\u00a0Minute\" \/>\n<script type=\"application\/ld+json\" class=\"yoast-schema-graph\">{\"@context\":\"https:\\\/\\\/schema.org\",\"@graph\":[{\"@type\":\"Article\",\"@id\":\"https:\\\/\\\/autoeditor.fachbau.ch\\\/de\\\/intelligent-bauen\\\/2025-09-26\\\/zuger-kantonalbank-setzt-erneut-auf-zense-fuer-strategiekommunikation\\\/#article\",\"isPartOf\":{\"@id\":\"https:\\\/\\\/autoeditor.fachbau.ch\\\/de\\\/intelligent-bauen\\\/2025-09-26\\\/zuger-kantonalbank-setzt-erneut-auf-zense-fuer-strategiekommunikation\\\/\"},\"author\":{\"name\":\"n8n\",\"@id\":\"https:\\\/\\\/autoeditor.fachbau.ch\\\/#\\\/schema\\\/person\\\/3d4d3579814f749cfabeb517dd65ca3b\"},\"headline\":\"Zuger Kantonalbank setzt erneut auf Zense f\u00fcr Strategiekommunikation\",\"datePublished\":\"2025-09-26T18:01:51+00:00\",\"mainEntityOfPage\":{\"@id\":\"https:\\\/\\\/autoeditor.fachbau.ch\\\/de\\\/intelligent-bauen\\\/2025-09-26\\\/zuger-kantonalbank-setzt-erneut-auf-zense-fuer-strategiekommunikation\\\/\"},\"wordCount\":197,\"publisher\":{\"@id\":\"https:\\\/\\\/autoeditor.fachbau.ch\\\/#organization\"},\"inLanguage\":\"de\"},{\"@type\":\"WebPage\",\"@id\":\"https:\\\/\\\/autoeditor.fachbau.ch\\\/de\\\/intelligent-bauen\\\/2025-09-26\\\/zuger-kantonalbank-setzt-erneut-auf-zense-fuer-strategiekommunikation\\\/\",\"url\":\"https:\\\/\\\/autoeditor.fachbau.ch\\\/de\\\/intelligent-bauen\\\/2025-09-26\\\/zuger-kantonalbank-setzt-erneut-auf-zense-fuer-strategiekommunikation\\\/\",\"name\":\"Zuger Kantonalbank setzt erneut auf Zense f\u00fcr Strategiekommunikation - autoeditor.fachbau.ch\",\"isPartOf\":{\"@id\":\"https:\\\/\\\/autoeditor.fachbau.ch\\\/#website\"},\"datePublished\":\"2025-09-26T18:01:51+00:00\",\"breadcrumb\":{\"@id\":\"https:\\\/\\\/autoeditor.fachbau.ch\\\/de\\\/intelligent-bauen\\\/2025-09-26\\\/zuger-kantonalbank-setzt-erneut-auf-zense-fuer-strategiekommunikation\\\/#breadcrumb\"},\"inLanguage\":\"de\",\"potentialAction\":[{\"@type\":\"ReadAction\",\"target\":[\"https:\\\/\\\/autoeditor.fachbau.ch\\\/de\\\/intelligent-bauen\\\/2025-09-26\\\/zuger-kantonalbank-setzt-erneut-auf-zense-fuer-strategiekommunikation\\\/\"]}]},{\"@type\":\"BreadcrumbList\",\"@id\":\"https:\\\/\\\/autoeditor.fachbau.ch\\\/de\\\/intelligent-bauen\\\/2025-09-26\\\/zuger-kantonalbank-setzt-erneut-auf-zense-fuer-strategiekommunikation\\\/#breadcrumb\",\"itemListElement\":[{\"@type\":\"ListItem\",\"position\":1,\"name\":\"Startseite\",\"item\":\"https:\\\/\\\/autoeditor.fachbau.ch\\\/\"},{\"@type\":\"ListItem\",\"position\":2,\"name\":\"Zuger Kantonalbank setzt erneut auf Zense f\u00fcr Strategiekommunikation\"}]},{\"@type\":\"WebSite\",\"@id\":\"https:\\\/\\\/autoeditor.fachbau.ch\\\/#website\",\"url\":\"https:\\\/\\\/autoeditor.fachbau.ch\\\/\",\"name\":\"autoeditor.fachbau.ch\",\"description\":\"\",\"publisher\":{\"@id\":\"https:\\\/\\\/autoeditor.fachbau.ch\\\/#organization\"},\"potentialAction\":[{\"@type\":\"SearchAction\",\"target\":{\"@type\":\"EntryPoint\",\"urlTemplate\":\"https:\\\/\\\/autoeditor.fachbau.ch\\\/?s={search_term_string}\"},\"query-input\":{\"@type\":\"PropertyValueSpecification\",\"valueRequired\":true,\"valueName\":\"search_term_string\"}}],\"inLanguage\":\"de\"},{\"@type\":\"Organization\",\"@id\":\"https:\\\/\\\/autoeditor.fachbau.ch\\\/#organization\",\"name\":\"autoeditor.fachbau.ch\",\"url\":\"https:\\\/\\\/autoeditor.fachbau.ch\\\/\",\"logo\":{\"@type\":\"ImageObject\",\"inLanguage\":\"de\",\"@id\":\"https:\\\/\\\/autoeditor.fachbau.ch\\\/#\\\/schema\\\/logo\\\/image\\\/\",\"url\":\"https:\\\/\\\/autoeditor.fachbau.ch\\\/wp-content\\\/uploads\\\/2025\\\/05\\\/logo.svg\",\"contentUrl\":\"https:\\\/\\\/autoeditor.fachbau.ch\\\/wp-content\\\/uploads\\\/2025\\\/05\\\/logo.svg\",\"width\":763,\"height\":536,\"caption\":\"autoeditor.fachbau.ch\"},\"image\":{\"@id\":\"https:\\\/\\\/autoeditor.fachbau.ch\\\/#\\\/schema\\\/logo\\\/image\\\/\"}},{\"@type\":\"Person\",\"@id\":\"https:\\\/\\\/autoeditor.fachbau.ch\\\/#\\\/schema\\\/person\\\/3d4d3579814f749cfabeb517dd65ca3b\",\"name\":\"n8n\",\"image\":{\"@type\":\"ImageObject\",\"inLanguage\":\"de\",\"@id\":\"https:\\\/\\\/secure.gravatar.com\\\/avatar\\\/78a7f90c01fc2bfc875782a0d4922b37cde2cf184ce347b91316d23cd7f69a36?s=96&d=mm&r=g\",\"url\":\"https:\\\/\\\/secure.gravatar.com\\\/avatar\\\/78a7f90c01fc2bfc875782a0d4922b37cde2cf184ce347b91316d23cd7f69a36?s=96&d=mm&r=g\",\"contentUrl\":\"https:\\\/\\\/secure.gravatar.com\\\/avatar\\\/78a7f90c01fc2bfc875782a0d4922b37cde2cf184ce347b91316d23cd7f69a36?s=96&d=mm&r=g\",\"caption\":\"n8n\"},\"url\":\"https:\\\/\\\/autoeditor.fachbau.ch\\\/de\\\/author\\\/n8n\\\/\"}]}<\/script>\n<!-- \/ Yoast SEO plugin. -->","yoast_head_json":{"title":"Zuger Kantonalbank setzt erneut auf Zense f\u00fcr Strategiekommunikation - autoeditor.fachbau.ch","robots":{"index":"index","follow":"follow","max-snippet":"max-snippet:-1","max-image-preview":"max-image-preview:large","max-video-preview":"max-video-preview:-1"},"canonical":"https:\/\/autoeditor.fachbau.ch\/de\/intelligent-bauen\/2025-09-26\/zuger-kantonalbank-setzt-erneut-auf-zense-fuer-strategiekommunikation\/","og_locale":"de_DE","og_type":"article","og_title":"Zuger Kantonalbank setzt erneut auf Zense f\u00fcr Strategiekommunikation - autoeditor.fachbau.ch","og_description":"Die Zuger Kantonalbank hat zum zweiten Mal in Folge mit der Z\u00fcrcher Beratungsagentur Zense zusammengearbeitet. Im Rahmen eines Mitarbeiterevents wurde die neue Unternehmensstrategie mit 450 Mitarbeitenden pr\u00e4sentiert und erlebbar gemacht.","og_url":"https:\/\/autoeditor.fachbau.ch\/de\/intelligent-bauen\/2025-09-26\/zuger-kantonalbank-setzt-erneut-auf-zense-fuer-strategiekommunikation\/","og_site_name":"autoeditor.fachbau.ch","article_published_time":"2025-09-26T18:01:51+00:00","author":"n8n","twitter_card":"summary_large_image","twitter_misc":{"Verfasst von":"n8n","Gesch\u00e4tzte Lesezeit":"1\u00a0Minute"},"schema":{"@context":"https:\/\/schema.org","@graph":[{"@type":"Article","@id":"https:\/\/autoeditor.fachbau.ch\/de\/intelligent-bauen\/2025-09-26\/zuger-kantonalbank-setzt-erneut-auf-zense-fuer-strategiekommunikation\/#article","isPartOf":{"@id":"https:\/\/autoeditor.fachbau.ch\/de\/intelligent-bauen\/2025-09-26\/zuger-kantonalbank-setzt-erneut-auf-zense-fuer-strategiekommunikation\/"},"author":{"name":"n8n","@id":"https:\/\/autoeditor.fachbau.ch\/#\/schema\/person\/3d4d3579814f749cfabeb517dd65ca3b"},"headline":"Zuger Kantonalbank setzt erneut auf Zense f\u00fcr Strategiekommunikation","datePublished":"2025-09-26T18:01:51+00:00","mainEntityOfPage":{"@id":"https:\/\/autoeditor.fachbau.ch\/de\/intelligent-bauen\/2025-09-26\/zuger-kantonalbank-setzt-erneut-auf-zense-fuer-strategiekommunikation\/"},"wordCount":197,"publisher":{"@id":"https:\/\/autoeditor.fachbau.ch\/#organization"},"inLanguage":"de"},{"@type":"WebPage","@id":"https:\/\/autoeditor.fachbau.ch\/de\/intelligent-bauen\/2025-09-26\/zuger-kantonalbank-setzt-erneut-auf-zense-fuer-strategiekommunikation\/","url":"https:\/\/autoeditor.fachbau.ch\/de\/intelligent-bauen\/2025-09-26\/zuger-kantonalbank-setzt-erneut-auf-zense-fuer-strategiekommunikation\/","name":"Zuger Kantonalbank setzt erneut auf Zense f\u00fcr Strategiekommunikation - autoeditor.fachbau.ch","isPartOf":{"@id":"https:\/\/autoeditor.fachbau.ch\/#website"},"datePublished":"2025-09-26T18:01:51+00:00","breadcrumb":{"@id":"https:\/\/autoeditor.fachbau.ch\/de\/intelligent-bauen\/2025-09-26\/zuger-kantonalbank-setzt-erneut-auf-zense-fuer-strategiekommunikation\/#breadcrumb"},"inLanguage":"de","potentialAction":[{"@type":"ReadAction","target":["https:\/\/autoeditor.fachbau.ch\/de\/intelligent-bauen\/2025-09-26\/zuger-kantonalbank-setzt-erneut-auf-zense-fuer-strategiekommunikation\/"]}]},{"@type":"BreadcrumbList","@id":"https:\/\/autoeditor.fachbau.ch\/de\/intelligent-bauen\/2025-09-26\/zuger-kantonalbank-setzt-erneut-auf-zense-fuer-strategiekommunikation\/#breadcrumb","itemListElement":[{"@type":"ListItem","position":1,"name":"Startseite","item":"https:\/\/autoeditor.fachbau.ch\/"},{"@type":"ListItem","position":2,"name":"Zuger Kantonalbank setzt erneut auf Zense f\u00fcr Strategiekommunikation"}]},{"@type":"WebSite","@id":"https:\/\/autoeditor.fachbau.ch\/#website","url":"https:\/\/autoeditor.fachbau.ch\/","name":"autoeditor.fachbau.ch","description":"","publisher":{"@id":"https:\/\/autoeditor.fachbau.ch\/#organization"},"potentialAction":[{"@type":"SearchAction","target":{"@type":"EntryPoint","urlTemplate":"https:\/\/autoeditor.fachbau.ch\/?s={search_term_string}"},"query-input":{"@type":"PropertyValueSpecification","valueRequired":true,"valueName":"search_term_string"}}],"inLanguage":"de"},{"@type":"Organization","@id":"https:\/\/autoeditor.fachbau.ch\/#organization","name":"autoeditor.fachbau.ch","url":"https:\/\/autoeditor.fachbau.ch\/","logo":{"@type":"ImageObject","inLanguage":"de","@id":"https:\/\/autoeditor.fachbau.ch\/#\/schema\/logo\/image\/","url":"https:\/\/autoeditor.fachbau.ch\/wp-content\/uploads\/2025\/05\/logo.svg","contentUrl":"https:\/\/autoeditor.fachbau.ch\/wp-content\/uploads\/2025\/05\/logo.svg","width":763,"height":536,"caption":"autoeditor.fachbau.ch"},"image":{"@id":"https:\/\/autoeditor.fachbau.ch\/#\/schema\/logo\/image\/"}},{"@type":"Person","@id":"https:\/\/autoeditor.fachbau.ch\/#\/schema\/person\/3d4d3579814f749cfabeb517dd65ca3b","name":"n8n","image":{"@type":"ImageObject","inLanguage":"de","@id":"https:\/\/secure.gravatar.com\/avatar\/78a7f90c01fc2bfc875782a0d4922b37cde2cf184ce347b91316d23cd7f69a36?s=96&d=mm&r=g","url":"https:\/\/secure.gravatar.com\/avatar\/78a7f90c01fc2bfc875782a0d4922b37cde2cf184ce347b91316d23cd7f69a36?s=96&d=mm&r=g","contentUrl":"https:\/\/secure.gravatar.com\/avatar\/78a7f90c01fc2bfc875782a0d4922b37cde2cf184ce347b91316d23cd7f69a36?s=96&d=mm&r=g","caption":"n8n"},"url":"https:\/\/autoeditor.fachbau.ch\/de\/author\/n8n\/"}]}},"_links":{"self":[{"href":"https:\/\/autoeditor.fachbau.ch\/de\/wp-json\/wp\/v2\/posts\/25779","targetHints":{"allow":["GET"]}}],"collection":[{"href":"https:\/\/autoeditor.fachbau.ch\/de\/wp-json\/wp\/v2\/posts"}],"about":[{"href":"https:\/\/autoeditor.fachbau.ch\/de\/wp-json\/wp\/v2\/types\/post"}],"author":[{"embeddable":true,"href":"https:\/\/autoeditor.fachbau.ch\/de\/wp-json\/wp\/v2\/users\/3231"}],"replies":[{"embeddable":true,"href":"https:\/\/autoeditor.fachbau.ch\/de\/wp-json\/wp\/v2\/comments?post=25779"}],"version-history":[{"count":0,"href":"https:\/\/autoeditor.fachbau.ch\/de\/wp-json\/wp\/v2\/posts\/25779\/revisions"}],"wp:attachment":[{"href":"https:\/\/autoeditor.fachbau.ch\/de\/wp-json\/wp\/v2\/media?parent=25779"}],"wp:term":[{"taxonomy":"category","embeddable":true,"href":"https:\/\/autoeditor.fachbau.ch\/de\/wp-json\/wp\/v2\/categories?post=25779"},{"taxonomy":"post_tag","embeddable":true,"href":"https:\/\/autoeditor.fachbau.ch\/de\/wp-json\/wp\/v2\/tags?post=25779"}],"curies":[{"name":"wp","href":"https:\/\/api.w.org\/{rel}","templated":true}]}}