{"id":25785,"date":"2025-09-27T10:30:50","date_gmt":"2025-09-27T08:30:50","guid":{"rendered":"https:\/\/autoeditor.fachbau.ch\/de\/intelligent-bauen\/2025-09-27\/es-gibt-keine-generelle-krise\/"},"modified":"2025-09-27T10:30:50","modified_gmt":"2025-09-27T08:30:50","slug":"es-gibt-keine-generelle-krise","status":"publish","type":"post","link":"https:\/\/autoeditor.fachbau.ch\/de\/intelligent-bauen\/2025-09-27\/es-gibt-keine-generelle-krise\/","title":{"rendered":"\u00abEs gibt keine generelle Krise\u00bb"},"content":{"rendered":"<p>!(bild:1)<br \/>\nBild: Jean-Christophe Babin, CEO von Bulgari, f\u00fchrt das Unternehmen seit 2013 erfolgreich. Quelle: zvg<\/p>\n<p>Jean-Christophe Babin, CEO von Bulgari, \u00fcber die US-Z\u00f6lle, das Schmuckgesch\u00e4ft und die Babyboomer als neue Zielgruppe.<\/p>\n<p>Durchsetzungskraft und Vision zeichnen Jean-Christophe Babin aus. Seit 2013 f\u00fchrt der Franzose das r\u00f6mische Traditionshaus Bulgari und hat die Marke in eine beispiellose Wachstumsphase gef\u00fchrt: Der Umsatz hat sich in dieser Zeit mehr als verdoppelt, und Bulgari z\u00e4hlt heute zu den profitabelsten Marken im LVMH-Portfolio. Vor allem mit der preisgekr\u00f6nten Octo-Finissimo-Linie hat er Bulgari in der Uhrmacherei international etabliert und ihr einen Platz in der Spitzenklasse gesichert. Parallel wuchsen das Schmuck- und das Hotelsegment rasant. Als CEO von LVMH Watches tr\u00e4gt Babin zudem die Verantwortung f\u00fcr TAG Heuer, Zenith und Hublot \u2013 eine seltene Konzentration von Markenverantwortung.<\/p>\n<p>!(bild:2)<br \/>\nBild: Bulgari konnte unter Babins F\u00fchrung den Umsatz mehr als verdoppeln. Quelle: zvg<\/p>\n<p>\u00abIch war sehr \u00fcberrascht\u00bb, sagt Babin zur Ank\u00fcndigung von Donald Trump am 1. August, f\u00fcr die Schweiz 39 Prozent Strafzoll zu verh\u00e4ngen. Er hofft nun aber, dass es nicht dabei bleibt. Die letzten paar Monate haben gezeigt, dass sich die Dinge manchmal sehr rasch \u00e4ndern k\u00f6nnen. Die Hoffnung besteht, am Ende der Verhandlungen EU-Niveau zu erreichen. \u00abDas w\u00e4re etwas leichter zu verdauen, aber nat\u00fcrlich immer noch wesentlich mehr als in der Vergangenheit.\u00bb<\/p>\n<p>Sofortmassnahmen habe man zun\u00e4chst keine ergriffen. \u00abWir haben einiges Inventar in den USA und sind nicht gezwungen, sofort zu reagieren\u00bb, erkl\u00e4rt Babin. Die Gespr\u00e4che laufen, und man beobachte die Situation sehr genau, stelle sich aber erst einmal darauf ein, dass es bei den 39 Prozent bleibt.<\/p>\n<p>Die USA sind f\u00fcr Bulgari ein \u00e4usserst wichtiger Markt: \u00abWenn man heute eine ehrgeizige Luxusmarke ist, sind die USA neben China und Europa sehr wichtig, denn das ist die Welt des Luxus.\u00bb Nirgends sei das Begehren nach Luxus gr\u00f6sser, und nirgends gebe es in absoluten Zahlen so viele sehr wohlhabende Leute. Heute sind die USA unter den Top 3 M\u00e4rkten, vor zehn Jahren waren sie noch auf Rang 11.<\/p>\n<p>!(bild:3)<br \/>\nBild: Die Luxusmarke setzt verst\u00e4rkt auf die kaufkr\u00e4ftige Babyboomer-Generation. Quelle: zvg<\/p>\n<p>Interessanterweise ist es genau das High-End-Segment, das aktuell besser Widerstand leistet als der ganze Rest. \u00abWir werden das nutzen, um einige Schw\u00e4chen beim Einstiegslevel zu kompensieren und so bei gleich bleibenden Preisen bessere Margen zu erzielen.\u00bb<\/p>\n<p>Babin sieht zudem einen grossen Wachstumstreiber am Horizont: \u00abEs wird in den n\u00e4chsten Jahren eine massive Verschiebung von Ressourcen von den Babyboomern zu j\u00fcngeren Generationen stattfinden. Ich bin jetzt 66, und in 20 Jahren bin ich gem\u00e4ss Statistik vermutlich nicht mehr auf der Welt. Eine meiner T\u00f6chter ist dann in ihren Dreissigern \u2013 und es wird f\u00fcr sie buchst\u00e4blich Geld vom Himmel regnen.\u00bb<\/p>\n<p>Stellen Sie sich vor, erkl\u00e4rt Babin, Babyboomer besitzen heute 70 Prozent des weltweiten Verm\u00f6gens. Diese Ressourcen werden in den kommenden Jahren an die Millennials und die Gen Z vererbt. \u00abDas er\u00f6ffnet spannende Zukunftschancen f\u00fcr Marken, die fr\u00fchzeitig auf die Bed\u00fcrfnisse dieser Generationen eingehen.\u00bb<\/p>\n<p>Kurzfristig hat Bulgari die Babyboomer nun zu einer wichtigen Zielgruppe erkl\u00e4rt. Sie haben Geld, wissen, dass sie keine sechzig Jahre mehr leben, und wollen es umso mehr geniessen. \u00abBislang hat sich die Luxusindustrie ja kaum um diese Generation gek\u00fcmmert, was auch der Grund daf\u00fcr ist, dass sie Luxus nicht gross konsumieren. Gelingt es uns, sie zu gewinnen, k\u00f6nnen wir hier kurzfristig ein interessantes Gesch\u00e4ft aufbauen.\u00bb<\/p>\n","protected":false},"excerpt":{"rendered":"<p>Bulgari-CEO Jean-Christophe Babin \u00fcber US-Z\u00f6lle, das Schmuckgesch\u00e4ft und die Babyboomer als neue Zielgruppe.<\/p>\n","protected":false},"author":3231,"featured_media":0,"comment_status":"closed","ping_status":"closed","sticky":false,"template":"","format":"standard","meta":{"_acf_changed":false,"_yoast_wpseo_focuskw":"","_yoast_wpseo_metadesc":"","footnotes":""},"categories":[],"tags":[],"class_list":["post-25785","post","type-post","status-publish","format-standard","hentry"],"acf":[],"yoast_head":"<!-- This site is optimized with the Yoast SEO plugin v27.4 - https:\/\/yoast.com\/product\/yoast-seo-wordpress\/ -->\n<title>\u00abEs gibt keine generelle Krise\u00bb - autoeditor.fachbau.ch<\/title>\n<meta name=\"robots\" content=\"index, follow, max-snippet:-1, max-image-preview:large, max-video-preview:-1\" \/>\n<link rel=\"canonical\" href=\"https:\/\/autoeditor.fachbau.ch\/de\/intelligent-bauen\/2025-09-27\/es-gibt-keine-generelle-krise\/\" \/>\n<meta property=\"og:locale\" content=\"de_DE\" \/>\n<meta property=\"og:type\" content=\"article\" \/>\n<meta property=\"og:title\" content=\"\u00abEs gibt keine generelle Krise\u00bb - autoeditor.fachbau.ch\" \/>\n<meta property=\"og:description\" content=\"Bulgari-CEO Jean-Christophe Babin \u00fcber US-Z\u00f6lle, das Schmuckgesch\u00e4ft und die Babyboomer als neue Zielgruppe.\" \/>\n<meta property=\"og:url\" content=\"https:\/\/autoeditor.fachbau.ch\/de\/intelligent-bauen\/2025-09-27\/es-gibt-keine-generelle-krise\/\" \/>\n<meta property=\"og:site_name\" content=\"autoeditor.fachbau.ch\" \/>\n<meta property=\"article:published_time\" content=\"2025-09-27T08:30:50+00:00\" \/>\n<meta name=\"author\" content=\"n8n\" \/>\n<meta name=\"twitter:card\" content=\"summary_large_image\" \/>\n<meta name=\"twitter:label1\" content=\"Verfasst von\" \/>\n\t<meta name=\"twitter:data1\" content=\"n8n\" \/>\n\t<meta name=\"twitter:label2\" content=\"Gesch\u00e4tzte Lesezeit\" \/>\n\t<meta name=\"twitter:data2\" content=\"3\u00a0Minuten\" \/>\n<script type=\"application\/ld+json\" class=\"yoast-schema-graph\">{\"@context\":\"https:\\\/\\\/schema.org\",\"@graph\":[{\"@type\":\"Article\",\"@id\":\"https:\\\/\\\/autoeditor.fachbau.ch\\\/de\\\/intelligent-bauen\\\/2025-09-27\\\/es-gibt-keine-generelle-krise\\\/#article\",\"isPartOf\":{\"@id\":\"https:\\\/\\\/autoeditor.fachbau.ch\\\/de\\\/intelligent-bauen\\\/2025-09-27\\\/es-gibt-keine-generelle-krise\\\/\"},\"author\":{\"name\":\"n8n\",\"@id\":\"https:\\\/\\\/autoeditor.fachbau.ch\\\/#\\\/schema\\\/person\\\/3d4d3579814f749cfabeb517dd65ca3b\"},\"headline\":\"\u00abEs gibt keine generelle Krise\u00bb\",\"datePublished\":\"2025-09-27T08:30:50+00:00\",\"mainEntityOfPage\":{\"@id\":\"https:\\\/\\\/autoeditor.fachbau.ch\\\/de\\\/intelligent-bauen\\\/2025-09-27\\\/es-gibt-keine-generelle-krise\\\/\"},\"wordCount\":584,\"publisher\":{\"@id\":\"https:\\\/\\\/autoeditor.fachbau.ch\\\/#organization\"},\"inLanguage\":\"de\"},{\"@type\":\"WebPage\",\"@id\":\"https:\\\/\\\/autoeditor.fachbau.ch\\\/de\\\/intelligent-bauen\\\/2025-09-27\\\/es-gibt-keine-generelle-krise\\\/\",\"url\":\"https:\\\/\\\/autoeditor.fachbau.ch\\\/de\\\/intelligent-bauen\\\/2025-09-27\\\/es-gibt-keine-generelle-krise\\\/\",\"name\":\"\u00abEs gibt keine generelle Krise\u00bb - autoeditor.fachbau.ch\",\"isPartOf\":{\"@id\":\"https:\\\/\\\/autoeditor.fachbau.ch\\\/#website\"},\"datePublished\":\"2025-09-27T08:30:50+00:00\",\"breadcrumb\":{\"@id\":\"https:\\\/\\\/autoeditor.fachbau.ch\\\/de\\\/intelligent-bauen\\\/2025-09-27\\\/es-gibt-keine-generelle-krise\\\/#breadcrumb\"},\"inLanguage\":\"de\",\"potentialAction\":[{\"@type\":\"ReadAction\",\"target\":[\"https:\\\/\\\/autoeditor.fachbau.ch\\\/de\\\/intelligent-bauen\\\/2025-09-27\\\/es-gibt-keine-generelle-krise\\\/\"]}]},{\"@type\":\"BreadcrumbList\",\"@id\":\"https:\\\/\\\/autoeditor.fachbau.ch\\\/de\\\/intelligent-bauen\\\/2025-09-27\\\/es-gibt-keine-generelle-krise\\\/#breadcrumb\",\"itemListElement\":[{\"@type\":\"ListItem\",\"position\":1,\"name\":\"Startseite\",\"item\":\"https:\\\/\\\/autoeditor.fachbau.ch\\\/\"},{\"@type\":\"ListItem\",\"position\":2,\"name\":\"\u00abEs gibt keine generelle Krise\u00bb\"}]},{\"@type\":\"WebSite\",\"@id\":\"https:\\\/\\\/autoeditor.fachbau.ch\\\/#website\",\"url\":\"https:\\\/\\\/autoeditor.fachbau.ch\\\/\",\"name\":\"autoeditor.fachbau.ch\",\"description\":\"\",\"publisher\":{\"@id\":\"https:\\\/\\\/autoeditor.fachbau.ch\\\/#organization\"},\"potentialAction\":[{\"@type\":\"SearchAction\",\"target\":{\"@type\":\"EntryPoint\",\"urlTemplate\":\"https:\\\/\\\/autoeditor.fachbau.ch\\\/?s={search_term_string}\"},\"query-input\":{\"@type\":\"PropertyValueSpecification\",\"valueRequired\":true,\"valueName\":\"search_term_string\"}}],\"inLanguage\":\"de\"},{\"@type\":\"Organization\",\"@id\":\"https:\\\/\\\/autoeditor.fachbau.ch\\\/#organization\",\"name\":\"autoeditor.fachbau.ch\",\"url\":\"https:\\\/\\\/autoeditor.fachbau.ch\\\/\",\"logo\":{\"@type\":\"ImageObject\",\"inLanguage\":\"de\",\"@id\":\"https:\\\/\\\/autoeditor.fachbau.ch\\\/#\\\/schema\\\/logo\\\/image\\\/\",\"url\":\"https:\\\/\\\/autoeditor.fachbau.ch\\\/wp-content\\\/uploads\\\/2025\\\/05\\\/logo.svg\",\"contentUrl\":\"https:\\\/\\\/autoeditor.fachbau.ch\\\/wp-content\\\/uploads\\\/2025\\\/05\\\/logo.svg\",\"width\":763,\"height\":536,\"caption\":\"autoeditor.fachbau.ch\"},\"image\":{\"@id\":\"https:\\\/\\\/autoeditor.fachbau.ch\\\/#\\\/schema\\\/logo\\\/image\\\/\"}},{\"@type\":\"Person\",\"@id\":\"https:\\\/\\\/autoeditor.fachbau.ch\\\/#\\\/schema\\\/person\\\/3d4d3579814f749cfabeb517dd65ca3b\",\"name\":\"n8n\",\"image\":{\"@type\":\"ImageObject\",\"inLanguage\":\"de\",\"@id\":\"https:\\\/\\\/secure.gravatar.com\\\/avatar\\\/78a7f90c01fc2bfc875782a0d4922b37cde2cf184ce347b91316d23cd7f69a36?s=96&d=mm&r=g\",\"url\":\"https:\\\/\\\/secure.gravatar.com\\\/avatar\\\/78a7f90c01fc2bfc875782a0d4922b37cde2cf184ce347b91316d23cd7f69a36?s=96&d=mm&r=g\",\"contentUrl\":\"https:\\\/\\\/secure.gravatar.com\\\/avatar\\\/78a7f90c01fc2bfc875782a0d4922b37cde2cf184ce347b91316d23cd7f69a36?s=96&d=mm&r=g\",\"caption\":\"n8n\"},\"url\":\"https:\\\/\\\/autoeditor.fachbau.ch\\\/de\\\/author\\\/n8n\\\/\"}]}<\/script>\n<!-- \/ Yoast SEO plugin. -->","yoast_head_json":{"title":"\u00abEs gibt keine generelle Krise\u00bb - autoeditor.fachbau.ch","robots":{"index":"index","follow":"follow","max-snippet":"max-snippet:-1","max-image-preview":"max-image-preview:large","max-video-preview":"max-video-preview:-1"},"canonical":"https:\/\/autoeditor.fachbau.ch\/de\/intelligent-bauen\/2025-09-27\/es-gibt-keine-generelle-krise\/","og_locale":"de_DE","og_type":"article","og_title":"\u00abEs gibt keine generelle Krise\u00bb - autoeditor.fachbau.ch","og_description":"Bulgari-CEO Jean-Christophe Babin \u00fcber US-Z\u00f6lle, das Schmuckgesch\u00e4ft und die Babyboomer als neue Zielgruppe.","og_url":"https:\/\/autoeditor.fachbau.ch\/de\/intelligent-bauen\/2025-09-27\/es-gibt-keine-generelle-krise\/","og_site_name":"autoeditor.fachbau.ch","article_published_time":"2025-09-27T08:30:50+00:00","author":"n8n","twitter_card":"summary_large_image","twitter_misc":{"Verfasst von":"n8n","Gesch\u00e4tzte Lesezeit":"3\u00a0Minuten"},"schema":{"@context":"https:\/\/schema.org","@graph":[{"@type":"Article","@id":"https:\/\/autoeditor.fachbau.ch\/de\/intelligent-bauen\/2025-09-27\/es-gibt-keine-generelle-krise\/#article","isPartOf":{"@id":"https:\/\/autoeditor.fachbau.ch\/de\/intelligent-bauen\/2025-09-27\/es-gibt-keine-generelle-krise\/"},"author":{"name":"n8n","@id":"https:\/\/autoeditor.fachbau.ch\/#\/schema\/person\/3d4d3579814f749cfabeb517dd65ca3b"},"headline":"\u00abEs gibt keine generelle Krise\u00bb","datePublished":"2025-09-27T08:30:50+00:00","mainEntityOfPage":{"@id":"https:\/\/autoeditor.fachbau.ch\/de\/intelligent-bauen\/2025-09-27\/es-gibt-keine-generelle-krise\/"},"wordCount":584,"publisher":{"@id":"https:\/\/autoeditor.fachbau.ch\/#organization"},"inLanguage":"de"},{"@type":"WebPage","@id":"https:\/\/autoeditor.fachbau.ch\/de\/intelligent-bauen\/2025-09-27\/es-gibt-keine-generelle-krise\/","url":"https:\/\/autoeditor.fachbau.ch\/de\/intelligent-bauen\/2025-09-27\/es-gibt-keine-generelle-krise\/","name":"\u00abEs gibt keine generelle Krise\u00bb - autoeditor.fachbau.ch","isPartOf":{"@id":"https:\/\/autoeditor.fachbau.ch\/#website"},"datePublished":"2025-09-27T08:30:50+00:00","breadcrumb":{"@id":"https:\/\/autoeditor.fachbau.ch\/de\/intelligent-bauen\/2025-09-27\/es-gibt-keine-generelle-krise\/#breadcrumb"},"inLanguage":"de","potentialAction":[{"@type":"ReadAction","target":["https:\/\/autoeditor.fachbau.ch\/de\/intelligent-bauen\/2025-09-27\/es-gibt-keine-generelle-krise\/"]}]},{"@type":"BreadcrumbList","@id":"https:\/\/autoeditor.fachbau.ch\/de\/intelligent-bauen\/2025-09-27\/es-gibt-keine-generelle-krise\/#breadcrumb","itemListElement":[{"@type":"ListItem","position":1,"name":"Startseite","item":"https:\/\/autoeditor.fachbau.ch\/"},{"@type":"ListItem","position":2,"name":"\u00abEs gibt keine generelle Krise\u00bb"}]},{"@type":"WebSite","@id":"https:\/\/autoeditor.fachbau.ch\/#website","url":"https:\/\/autoeditor.fachbau.ch\/","name":"autoeditor.fachbau.ch","description":"","publisher":{"@id":"https:\/\/autoeditor.fachbau.ch\/#organization"},"potentialAction":[{"@type":"SearchAction","target":{"@type":"EntryPoint","urlTemplate":"https:\/\/autoeditor.fachbau.ch\/?s={search_term_string}"},"query-input":{"@type":"PropertyValueSpecification","valueRequired":true,"valueName":"search_term_string"}}],"inLanguage":"de"},{"@type":"Organization","@id":"https:\/\/autoeditor.fachbau.ch\/#organization","name":"autoeditor.fachbau.ch","url":"https:\/\/autoeditor.fachbau.ch\/","logo":{"@type":"ImageObject","inLanguage":"de","@id":"https:\/\/autoeditor.fachbau.ch\/#\/schema\/logo\/image\/","url":"https:\/\/autoeditor.fachbau.ch\/wp-content\/uploads\/2025\/05\/logo.svg","contentUrl":"https:\/\/autoeditor.fachbau.ch\/wp-content\/uploads\/2025\/05\/logo.svg","width":763,"height":536,"caption":"autoeditor.fachbau.ch"},"image":{"@id":"https:\/\/autoeditor.fachbau.ch\/#\/schema\/logo\/image\/"}},{"@type":"Person","@id":"https:\/\/autoeditor.fachbau.ch\/#\/schema\/person\/3d4d3579814f749cfabeb517dd65ca3b","name":"n8n","image":{"@type":"ImageObject","inLanguage":"de","@id":"https:\/\/secure.gravatar.com\/avatar\/78a7f90c01fc2bfc875782a0d4922b37cde2cf184ce347b91316d23cd7f69a36?s=96&d=mm&r=g","url":"https:\/\/secure.gravatar.com\/avatar\/78a7f90c01fc2bfc875782a0d4922b37cde2cf184ce347b91316d23cd7f69a36?s=96&d=mm&r=g","contentUrl":"https:\/\/secure.gravatar.com\/avatar\/78a7f90c01fc2bfc875782a0d4922b37cde2cf184ce347b91316d23cd7f69a36?s=96&d=mm&r=g","caption":"n8n"},"url":"https:\/\/autoeditor.fachbau.ch\/de\/author\/n8n\/"}]}},"_links":{"self":[{"href":"https:\/\/autoeditor.fachbau.ch\/de\/wp-json\/wp\/v2\/posts\/25785","targetHints":{"allow":["GET"]}}],"collection":[{"href":"https:\/\/autoeditor.fachbau.ch\/de\/wp-json\/wp\/v2\/posts"}],"about":[{"href":"https:\/\/autoeditor.fachbau.ch\/de\/wp-json\/wp\/v2\/types\/post"}],"author":[{"embeddable":true,"href":"https:\/\/autoeditor.fachbau.ch\/de\/wp-json\/wp\/v2\/users\/3231"}],"replies":[{"embeddable":true,"href":"https:\/\/autoeditor.fachbau.ch\/de\/wp-json\/wp\/v2\/comments?post=25785"}],"version-history":[{"count":0,"href":"https:\/\/autoeditor.fachbau.ch\/de\/wp-json\/wp\/v2\/posts\/25785\/revisions"}],"wp:attachment":[{"href":"https:\/\/autoeditor.fachbau.ch\/de\/wp-json\/wp\/v2\/media?parent=25785"}],"wp:term":[{"taxonomy":"category","embeddable":true,"href":"https:\/\/autoeditor.fachbau.ch\/de\/wp-json\/wp\/v2\/categories?post=25785"},{"taxonomy":"post_tag","embeddable":true,"href":"https:\/\/autoeditor.fachbau.ch\/de\/wp-json\/wp\/v2\/tags?post=25785"}],"curies":[{"name":"wp","href":"https:\/\/api.w.org\/{rel}","templated":true}]}}