{"id":25814,"date":"2025-09-27T10:46:03","date_gmt":"2025-09-27T08:46:03","guid":{"rendered":"https:\/\/autoeditor.fachbau.ch\/de\/intelligent-bauen\/2025-09-27\/cimanorma-historische-tessiner-schokoladenmanufaktur-feiert-comeback\/"},"modified":"2025-09-27T10:46:03","modified_gmt":"2025-09-27T08:46:03","slug":"cimanorma-historische-tessiner-schokoladenmanufaktur-feiert-comeback","status":"publish","type":"post","link":"https:\/\/autoeditor.fachbau.ch\/de\/intelligent-bauen\/2025-09-27\/cimanorma-historische-tessiner-schokoladenmanufaktur-feiert-comeback\/","title":{"rendered":"CimaNorma: Historische Tessiner Schokoladenmanufaktur feiert Comeback"},"content":{"rendered":"<figure><img decoding=\"async\" src=\"https:\/\/autoeditor.fachbau.ch\/wp-content\/uploads\/2025\/09\/2100cbc9-9dc3-117b-6acc-e17365ce2d20.jpg\" alt=\"CimaNorma Schokoladenfabrik\" \/><figcaption>Die historische CimaNorma Fabrik in Torre im Bleniotal wird wiederer\u00f6ffnet. Bild: zvg<\/figcaption><\/figure>\n<h2>Ein Erbe von Swissness und Prestige<\/h2>\n<p>Die Geschichte von CimaNorma beginnt 1903, als die Familie Cima in Dangio-Torre ihre Schokoladenmanufaktur gr\u00fcndete. Der Standort entwickelte sich schnell zu einem wichtigen Kapitel der Schweizer Schokoladengeschichte. Unter der F\u00fchrung der Familie Pagani erlebte das Unternehmen seine Bl\u00fctezeit und belieferte nicht nur die Schweizer Armee, sondern auch den europ\u00e4ischen Adel und den Vatikan. Die Marke trug massgeblich zum internationalen Renommee der Schweizer Schokolade bei, bevor die Produktion 1968 eingestellt wurde.<\/p>\n<figure><img decoding=\"async\" src=\"https:\/\/autoeditor.fachbau.ch\/wp-content\/uploads\/2025\/09\/d4c10946-e641-7f25-3688-d4df0c808ab9.png\" alt=\"CimaNorma Impressionen\" \/><figcaption>Historische Aufnahme der CimaNorma Produktion. Bild: zvg<\/figcaption><\/figure>\n<h2>Neustart mit Vision<\/h2>\n<p>Die Wiederbelebung der Marke wird von Abouzar Rahmani, Gr\u00fcnder und CEO von FoodYoung, vorangetrieben. Das Unternehmen, das sich als vertikal integrierte Innovationsplattform zwischen der Schweiz und den USA positioniert, setzt auf Clean-Label-Lebensmittel der n\u00e4chsten Generation.<\/p>\n<p>\u00abCimaNorma ist mehr als Schokolade \u2014 es ist eine Geschichte von Schweizer Erbe, Luxus und Ausdauer\u00bb, erkl\u00e4rt Rahmani. \u00abVon ihren historischen Wurzeln in Dangio-Torre bis zu ihrer internationalen Pr\u00e4senz f\u00fchren wir CimaNorma als ultimativen Ausdruck der Schweizer Schokolade zur\u00fcck: authentisch, raffiniert und zeitlos.\u00bb<\/p>\n<p>Die Wiederer\u00f6ffnung der sorgf\u00e4ltig restaurierten Fabrik ist f\u00fcr Dezember 2025 geplant. Damit kehrt nicht nur eine traditionsreiche Marke zur\u00fcck, sondern es wird auch ein bedeutendes St\u00fcck Schweizer Industriegeschichte wiederbelebt.<\/p>\n","protected":false},"excerpt":{"rendered":"<p>Die traditionsreiche Schokoladenmarke CimaNorma kehrt an ihren Ursprungsort zur\u00fcck. Im Dezember 2025 wird die historische Fabrik in Torre im Bleniotal nach sorgf\u00e4ltiger Restaurierung wiederer\u00f6ffnet. Ein St\u00fcck Schweizer Schokoladengeschichte erwacht zu neuem Leben.<\/p>\n","protected":false},"author":3231,"featured_media":0,"comment_status":"closed","ping_status":"closed","sticky":false,"template":"","format":"standard","meta":{"_acf_changed":false,"_yoast_wpseo_focuskw":"","_yoast_wpseo_metadesc":"","footnotes":""},"categories":[],"tags":[],"class_list":["post-25814","post","type-post","status-publish","format-standard","hentry"],"acf":[],"yoast_head":"<!-- This site is optimized with the Yoast SEO plugin v27.4 - https:\/\/yoast.com\/product\/yoast-seo-wordpress\/ -->\n<title>CimaNorma: Historische Tessiner Schokoladenmanufaktur feiert Comeback - autoeditor.fachbau.ch<\/title>\n<meta name=\"robots\" content=\"index, follow, max-snippet:-1, max-image-preview:large, max-video-preview:-1\" \/>\n<link rel=\"canonical\" href=\"https:\/\/autoeditor.fachbau.ch\/de\/intelligent-bauen\/2025-09-27\/cimanorma-historische-tessiner-schokoladenmanufaktur-feiert-comeback\/\" \/>\n<meta property=\"og:locale\" content=\"de_DE\" \/>\n<meta property=\"og:type\" content=\"article\" \/>\n<meta property=\"og:title\" content=\"CimaNorma: Historische Tessiner Schokoladenmanufaktur feiert Comeback - autoeditor.fachbau.ch\" \/>\n<meta property=\"og:description\" content=\"Die traditionsreiche Schokoladenmarke CimaNorma kehrt an ihren Ursprungsort zur\u00fcck. Im Dezember 2025 wird die historische Fabrik in Torre im Bleniotal nach sorgf\u00e4ltiger Restaurierung wiederer\u00f6ffnet. Ein St\u00fcck Schweizer Schokoladengeschichte erwacht zu neuem Leben.\" \/>\n<meta property=\"og:url\" content=\"https:\/\/autoeditor.fachbau.ch\/de\/intelligent-bauen\/2025-09-27\/cimanorma-historische-tessiner-schokoladenmanufaktur-feiert-comeback\/\" \/>\n<meta property=\"og:site_name\" content=\"autoeditor.fachbau.ch\" \/>\n<meta property=\"article:published_time\" content=\"2025-09-27T08:46:03+00:00\" \/>\n<meta property=\"og:image\" content=\"https:\/\/autoeditor.fachbau.ch\/wp-content\/uploads\/2025\/09\/2100cbc9-9dc3-117b-6acc-e17365ce2d20.jpg\" \/>\n<meta name=\"author\" content=\"n8n\" \/>\n<meta name=\"twitter:card\" content=\"summary_large_image\" \/>\n<meta name=\"twitter:label1\" content=\"Verfasst von\" \/>\n\t<meta name=\"twitter:data1\" content=\"n8n\" \/>\n\t<meta name=\"twitter:label2\" content=\"Gesch\u00e4tzte Lesezeit\" \/>\n\t<meta name=\"twitter:data2\" content=\"1\u00a0Minute\" \/>\n<script type=\"application\/ld+json\" class=\"yoast-schema-graph\">{\"@context\":\"https:\\\/\\\/schema.org\",\"@graph\":[{\"@type\":\"Article\",\"@id\":\"https:\\\/\\\/autoeditor.fachbau.ch\\\/de\\\/intelligent-bauen\\\/2025-09-27\\\/cimanorma-historische-tessiner-schokoladenmanufaktur-feiert-comeback\\\/#article\",\"isPartOf\":{\"@id\":\"https:\\\/\\\/autoeditor.fachbau.ch\\\/de\\\/intelligent-bauen\\\/2025-09-27\\\/cimanorma-historische-tessiner-schokoladenmanufaktur-feiert-comeback\\\/\"},\"author\":{\"name\":\"n8n\",\"@id\":\"https:\\\/\\\/autoeditor.fachbau.ch\\\/#\\\/schema\\\/person\\\/3d4d3579814f749cfabeb517dd65ca3b\"},\"headline\":\"CimaNorma: Historische Tessiner Schokoladenmanufaktur feiert Comeback\",\"datePublished\":\"2025-09-27T08:46:03+00:00\",\"mainEntityOfPage\":{\"@id\":\"https:\\\/\\\/autoeditor.fachbau.ch\\\/de\\\/intelligent-bauen\\\/2025-09-27\\\/cimanorma-historische-tessiner-schokoladenmanufaktur-feiert-comeback\\\/\"},\"wordCount\":223,\"publisher\":{\"@id\":\"https:\\\/\\\/autoeditor.fachbau.ch\\\/#organization\"},\"image\":{\"@id\":\"https:\\\/\\\/autoeditor.fachbau.ch\\\/de\\\/intelligent-bauen\\\/2025-09-27\\\/cimanorma-historische-tessiner-schokoladenmanufaktur-feiert-comeback\\\/#primaryimage\"},\"thumbnailUrl\":\"https:\\\/\\\/autoeditor.fachbau.ch\\\/wp-content\\\/uploads\\\/2025\\\/09\\\/2100cbc9-9dc3-117b-6acc-e17365ce2d20.jpg\",\"inLanguage\":\"de\"},{\"@type\":\"WebPage\",\"@id\":\"https:\\\/\\\/autoeditor.fachbau.ch\\\/de\\\/intelligent-bauen\\\/2025-09-27\\\/cimanorma-historische-tessiner-schokoladenmanufaktur-feiert-comeback\\\/\",\"url\":\"https:\\\/\\\/autoeditor.fachbau.ch\\\/de\\\/intelligent-bauen\\\/2025-09-27\\\/cimanorma-historische-tessiner-schokoladenmanufaktur-feiert-comeback\\\/\",\"name\":\"CimaNorma: Historische Tessiner Schokoladenmanufaktur feiert Comeback - autoeditor.fachbau.ch\",\"isPartOf\":{\"@id\":\"https:\\\/\\\/autoeditor.fachbau.ch\\\/#website\"},\"primaryImageOfPage\":{\"@id\":\"https:\\\/\\\/autoeditor.fachbau.ch\\\/de\\\/intelligent-bauen\\\/2025-09-27\\\/cimanorma-historische-tessiner-schokoladenmanufaktur-feiert-comeback\\\/#primaryimage\"},\"image\":{\"@id\":\"https:\\\/\\\/autoeditor.fachbau.ch\\\/de\\\/intelligent-bauen\\\/2025-09-27\\\/cimanorma-historische-tessiner-schokoladenmanufaktur-feiert-comeback\\\/#primaryimage\"},\"thumbnailUrl\":\"https:\\\/\\\/autoeditor.fachbau.ch\\\/wp-content\\\/uploads\\\/2025\\\/09\\\/2100cbc9-9dc3-117b-6acc-e17365ce2d20.jpg\",\"datePublished\":\"2025-09-27T08:46:03+00:00\",\"breadcrumb\":{\"@id\":\"https:\\\/\\\/autoeditor.fachbau.ch\\\/de\\\/intelligent-bauen\\\/2025-09-27\\\/cimanorma-historische-tessiner-schokoladenmanufaktur-feiert-comeback\\\/#breadcrumb\"},\"inLanguage\":\"de\",\"potentialAction\":[{\"@type\":\"ReadAction\",\"target\":[\"https:\\\/\\\/autoeditor.fachbau.ch\\\/de\\\/intelligent-bauen\\\/2025-09-27\\\/cimanorma-historische-tessiner-schokoladenmanufaktur-feiert-comeback\\\/\"]}]},{\"@type\":\"ImageObject\",\"inLanguage\":\"de\",\"@id\":\"https:\\\/\\\/autoeditor.fachbau.ch\\\/de\\\/intelligent-bauen\\\/2025-09-27\\\/cimanorma-historische-tessiner-schokoladenmanufaktur-feiert-comeback\\\/#primaryimage\",\"url\":\"https:\\\/\\\/autoeditor.fachbau.ch\\\/wp-content\\\/uploads\\\/2025\\\/09\\\/2100cbc9-9dc3-117b-6acc-e17365ce2d20.jpg\",\"contentUrl\":\"https:\\\/\\\/autoeditor.fachbau.ch\\\/wp-content\\\/uploads\\\/2025\\\/09\\\/2100cbc9-9dc3-117b-6acc-e17365ce2d20.jpg\"},{\"@type\":\"BreadcrumbList\",\"@id\":\"https:\\\/\\\/autoeditor.fachbau.ch\\\/de\\\/intelligent-bauen\\\/2025-09-27\\\/cimanorma-historische-tessiner-schokoladenmanufaktur-feiert-comeback\\\/#breadcrumb\",\"itemListElement\":[{\"@type\":\"ListItem\",\"position\":1,\"name\":\"Startseite\",\"item\":\"https:\\\/\\\/autoeditor.fachbau.ch\\\/\"},{\"@type\":\"ListItem\",\"position\":2,\"name\":\"CimaNorma: Historische Tessiner Schokoladenmanufaktur feiert Comeback\"}]},{\"@type\":\"WebSite\",\"@id\":\"https:\\\/\\\/autoeditor.fachbau.ch\\\/#website\",\"url\":\"https:\\\/\\\/autoeditor.fachbau.ch\\\/\",\"name\":\"autoeditor.fachbau.ch\",\"description\":\"\",\"publisher\":{\"@id\":\"https:\\\/\\\/autoeditor.fachbau.ch\\\/#organization\"},\"potentialAction\":[{\"@type\":\"SearchAction\",\"target\":{\"@type\":\"EntryPoint\",\"urlTemplate\":\"https:\\\/\\\/autoeditor.fachbau.ch\\\/?s={search_term_string}\"},\"query-input\":{\"@type\":\"PropertyValueSpecification\",\"valueRequired\":true,\"valueName\":\"search_term_string\"}}],\"inLanguage\":\"de\"},{\"@type\":\"Organization\",\"@id\":\"https:\\\/\\\/autoeditor.fachbau.ch\\\/#organization\",\"name\":\"autoeditor.fachbau.ch\",\"url\":\"https:\\\/\\\/autoeditor.fachbau.ch\\\/\",\"logo\":{\"@type\":\"ImageObject\",\"inLanguage\":\"de\",\"@id\":\"https:\\\/\\\/autoeditor.fachbau.ch\\\/#\\\/schema\\\/logo\\\/image\\\/\",\"url\":\"https:\\\/\\\/autoeditor.fachbau.ch\\\/wp-content\\\/uploads\\\/2025\\\/05\\\/logo.svg\",\"contentUrl\":\"https:\\\/\\\/autoeditor.fachbau.ch\\\/wp-content\\\/uploads\\\/2025\\\/05\\\/logo.svg\",\"width\":763,\"height\":536,\"caption\":\"autoeditor.fachbau.ch\"},\"image\":{\"@id\":\"https:\\\/\\\/autoeditor.fachbau.ch\\\/#\\\/schema\\\/logo\\\/image\\\/\"}},{\"@type\":\"Person\",\"@id\":\"https:\\\/\\\/autoeditor.fachbau.ch\\\/#\\\/schema\\\/person\\\/3d4d3579814f749cfabeb517dd65ca3b\",\"name\":\"n8n\",\"image\":{\"@type\":\"ImageObject\",\"inLanguage\":\"de\",\"@id\":\"https:\\\/\\\/secure.gravatar.com\\\/avatar\\\/78a7f90c01fc2bfc875782a0d4922b37cde2cf184ce347b91316d23cd7f69a36?s=96&d=mm&r=g\",\"url\":\"https:\\\/\\\/secure.gravatar.com\\\/avatar\\\/78a7f90c01fc2bfc875782a0d4922b37cde2cf184ce347b91316d23cd7f69a36?s=96&d=mm&r=g\",\"contentUrl\":\"https:\\\/\\\/secure.gravatar.com\\\/avatar\\\/78a7f90c01fc2bfc875782a0d4922b37cde2cf184ce347b91316d23cd7f69a36?s=96&d=mm&r=g\",\"caption\":\"n8n\"},\"url\":\"https:\\\/\\\/autoeditor.fachbau.ch\\\/de\\\/author\\\/n8n\\\/\"}]}<\/script>\n<!-- \/ Yoast SEO plugin. -->","yoast_head_json":{"title":"CimaNorma: Historische Tessiner Schokoladenmanufaktur feiert Comeback - autoeditor.fachbau.ch","robots":{"index":"index","follow":"follow","max-snippet":"max-snippet:-1","max-image-preview":"max-image-preview:large","max-video-preview":"max-video-preview:-1"},"canonical":"https:\/\/autoeditor.fachbau.ch\/de\/intelligent-bauen\/2025-09-27\/cimanorma-historische-tessiner-schokoladenmanufaktur-feiert-comeback\/","og_locale":"de_DE","og_type":"article","og_title":"CimaNorma: Historische Tessiner Schokoladenmanufaktur feiert Comeback - autoeditor.fachbau.ch","og_description":"Die traditionsreiche Schokoladenmarke CimaNorma kehrt an ihren Ursprungsort zur\u00fcck. Im Dezember 2025 wird die historische Fabrik in Torre im Bleniotal nach sorgf\u00e4ltiger Restaurierung wiederer\u00f6ffnet. Ein St\u00fcck Schweizer Schokoladengeschichte erwacht zu neuem Leben.","og_url":"https:\/\/autoeditor.fachbau.ch\/de\/intelligent-bauen\/2025-09-27\/cimanorma-historische-tessiner-schokoladenmanufaktur-feiert-comeback\/","og_site_name":"autoeditor.fachbau.ch","article_published_time":"2025-09-27T08:46:03+00:00","og_image":[{"url":"https:\/\/autoeditor.fachbau.ch\/wp-content\/uploads\/2025\/09\/2100cbc9-9dc3-117b-6acc-e17365ce2d20.jpg","type":"","width":"","height":""}],"author":"n8n","twitter_card":"summary_large_image","twitter_misc":{"Verfasst von":"n8n","Gesch\u00e4tzte Lesezeit":"1\u00a0Minute"},"schema":{"@context":"https:\/\/schema.org","@graph":[{"@type":"Article","@id":"https:\/\/autoeditor.fachbau.ch\/de\/intelligent-bauen\/2025-09-27\/cimanorma-historische-tessiner-schokoladenmanufaktur-feiert-comeback\/#article","isPartOf":{"@id":"https:\/\/autoeditor.fachbau.ch\/de\/intelligent-bauen\/2025-09-27\/cimanorma-historische-tessiner-schokoladenmanufaktur-feiert-comeback\/"},"author":{"name":"n8n","@id":"https:\/\/autoeditor.fachbau.ch\/#\/schema\/person\/3d4d3579814f749cfabeb517dd65ca3b"},"headline":"CimaNorma: Historische Tessiner Schokoladenmanufaktur feiert Comeback","datePublished":"2025-09-27T08:46:03+00:00","mainEntityOfPage":{"@id":"https:\/\/autoeditor.fachbau.ch\/de\/intelligent-bauen\/2025-09-27\/cimanorma-historische-tessiner-schokoladenmanufaktur-feiert-comeback\/"},"wordCount":223,"publisher":{"@id":"https:\/\/autoeditor.fachbau.ch\/#organization"},"image":{"@id":"https:\/\/autoeditor.fachbau.ch\/de\/intelligent-bauen\/2025-09-27\/cimanorma-historische-tessiner-schokoladenmanufaktur-feiert-comeback\/#primaryimage"},"thumbnailUrl":"https:\/\/autoeditor.fachbau.ch\/wp-content\/uploads\/2025\/09\/2100cbc9-9dc3-117b-6acc-e17365ce2d20.jpg","inLanguage":"de"},{"@type":"WebPage","@id":"https:\/\/autoeditor.fachbau.ch\/de\/intelligent-bauen\/2025-09-27\/cimanorma-historische-tessiner-schokoladenmanufaktur-feiert-comeback\/","url":"https:\/\/autoeditor.fachbau.ch\/de\/intelligent-bauen\/2025-09-27\/cimanorma-historische-tessiner-schokoladenmanufaktur-feiert-comeback\/","name":"CimaNorma: Historische Tessiner Schokoladenmanufaktur feiert Comeback - autoeditor.fachbau.ch","isPartOf":{"@id":"https:\/\/autoeditor.fachbau.ch\/#website"},"primaryImageOfPage":{"@id":"https:\/\/autoeditor.fachbau.ch\/de\/intelligent-bauen\/2025-09-27\/cimanorma-historische-tessiner-schokoladenmanufaktur-feiert-comeback\/#primaryimage"},"image":{"@id":"https:\/\/autoeditor.fachbau.ch\/de\/intelligent-bauen\/2025-09-27\/cimanorma-historische-tessiner-schokoladenmanufaktur-feiert-comeback\/#primaryimage"},"thumbnailUrl":"https:\/\/autoeditor.fachbau.ch\/wp-content\/uploads\/2025\/09\/2100cbc9-9dc3-117b-6acc-e17365ce2d20.jpg","datePublished":"2025-09-27T08:46:03+00:00","breadcrumb":{"@id":"https:\/\/autoeditor.fachbau.ch\/de\/intelligent-bauen\/2025-09-27\/cimanorma-historische-tessiner-schokoladenmanufaktur-feiert-comeback\/#breadcrumb"},"inLanguage":"de","potentialAction":[{"@type":"ReadAction","target":["https:\/\/autoeditor.fachbau.ch\/de\/intelligent-bauen\/2025-09-27\/cimanorma-historische-tessiner-schokoladenmanufaktur-feiert-comeback\/"]}]},{"@type":"ImageObject","inLanguage":"de","@id":"https:\/\/autoeditor.fachbau.ch\/de\/intelligent-bauen\/2025-09-27\/cimanorma-historische-tessiner-schokoladenmanufaktur-feiert-comeback\/#primaryimage","url":"https:\/\/autoeditor.fachbau.ch\/wp-content\/uploads\/2025\/09\/2100cbc9-9dc3-117b-6acc-e17365ce2d20.jpg","contentUrl":"https:\/\/autoeditor.fachbau.ch\/wp-content\/uploads\/2025\/09\/2100cbc9-9dc3-117b-6acc-e17365ce2d20.jpg"},{"@type":"BreadcrumbList","@id":"https:\/\/autoeditor.fachbau.ch\/de\/intelligent-bauen\/2025-09-27\/cimanorma-historische-tessiner-schokoladenmanufaktur-feiert-comeback\/#breadcrumb","itemListElement":[{"@type":"ListItem","position":1,"name":"Startseite","item":"https:\/\/autoeditor.fachbau.ch\/"},{"@type":"ListItem","position":2,"name":"CimaNorma: Historische Tessiner Schokoladenmanufaktur feiert Comeback"}]},{"@type":"WebSite","@id":"https:\/\/autoeditor.fachbau.ch\/#website","url":"https:\/\/autoeditor.fachbau.ch\/","name":"autoeditor.fachbau.ch","description":"","publisher":{"@id":"https:\/\/autoeditor.fachbau.ch\/#organization"},"potentialAction":[{"@type":"SearchAction","target":{"@type":"EntryPoint","urlTemplate":"https:\/\/autoeditor.fachbau.ch\/?s={search_term_string}"},"query-input":{"@type":"PropertyValueSpecification","valueRequired":true,"valueName":"search_term_string"}}],"inLanguage":"de"},{"@type":"Organization","@id":"https:\/\/autoeditor.fachbau.ch\/#organization","name":"autoeditor.fachbau.ch","url":"https:\/\/autoeditor.fachbau.ch\/","logo":{"@type":"ImageObject","inLanguage":"de","@id":"https:\/\/autoeditor.fachbau.ch\/#\/schema\/logo\/image\/","url":"https:\/\/autoeditor.fachbau.ch\/wp-content\/uploads\/2025\/05\/logo.svg","contentUrl":"https:\/\/autoeditor.fachbau.ch\/wp-content\/uploads\/2025\/05\/logo.svg","width":763,"height":536,"caption":"autoeditor.fachbau.ch"},"image":{"@id":"https:\/\/autoeditor.fachbau.ch\/#\/schema\/logo\/image\/"}},{"@type":"Person","@id":"https:\/\/autoeditor.fachbau.ch\/#\/schema\/person\/3d4d3579814f749cfabeb517dd65ca3b","name":"n8n","image":{"@type":"ImageObject","inLanguage":"de","@id":"https:\/\/secure.gravatar.com\/avatar\/78a7f90c01fc2bfc875782a0d4922b37cde2cf184ce347b91316d23cd7f69a36?s=96&d=mm&r=g","url":"https:\/\/secure.gravatar.com\/avatar\/78a7f90c01fc2bfc875782a0d4922b37cde2cf184ce347b91316d23cd7f69a36?s=96&d=mm&r=g","contentUrl":"https:\/\/secure.gravatar.com\/avatar\/78a7f90c01fc2bfc875782a0d4922b37cde2cf184ce347b91316d23cd7f69a36?s=96&d=mm&r=g","caption":"n8n"},"url":"https:\/\/autoeditor.fachbau.ch\/de\/author\/n8n\/"}]}},"_links":{"self":[{"href":"https:\/\/autoeditor.fachbau.ch\/de\/wp-json\/wp\/v2\/posts\/25814","targetHints":{"allow":["GET"]}}],"collection":[{"href":"https:\/\/autoeditor.fachbau.ch\/de\/wp-json\/wp\/v2\/posts"}],"about":[{"href":"https:\/\/autoeditor.fachbau.ch\/de\/wp-json\/wp\/v2\/types\/post"}],"author":[{"embeddable":true,"href":"https:\/\/autoeditor.fachbau.ch\/de\/wp-json\/wp\/v2\/users\/3231"}],"replies":[{"embeddable":true,"href":"https:\/\/autoeditor.fachbau.ch\/de\/wp-json\/wp\/v2\/comments?post=25814"}],"version-history":[{"count":0,"href":"https:\/\/autoeditor.fachbau.ch\/de\/wp-json\/wp\/v2\/posts\/25814\/revisions"}],"wp:attachment":[{"href":"https:\/\/autoeditor.fachbau.ch\/de\/wp-json\/wp\/v2\/media?parent=25814"}],"wp:term":[{"taxonomy":"category","embeddable":true,"href":"https:\/\/autoeditor.fachbau.ch\/de\/wp-json\/wp\/v2\/categories?post=25814"},{"taxonomy":"post_tag","embeddable":true,"href":"https:\/\/autoeditor.fachbau.ch\/de\/wp-json\/wp\/v2\/tags?post=25814"}],"curies":[{"name":"wp","href":"https:\/\/api.w.org\/{rel}","templated":true}]}}