{"id":25856,"date":"2025-09-29T09:48:38","date_gmt":"2025-09-29T07:48:38","guid":{"rendered":"https:\/\/autoeditor.fachbau.ch\/de\/intelligent-bauen\/2025-09-29\/lidl-schweiz-stellt-weltrekord-mit-groesster-cervelat-kaese-salat-auf-2\/"},"modified":"2025-09-29T09:48:38","modified_gmt":"2025-09-29T07:48:38","slug":"lidl-schweiz-stellt-weltrekord-mit-groesster-cervelat-kaese-salat-auf-2","status":"publish","type":"post","link":"https:\/\/autoeditor.fachbau.ch\/de\/intelligent-bauen\/2025-09-29\/lidl-schweiz-stellt-weltrekord-mit-groesster-cervelat-kaese-salat-auf-2\/","title":{"rendered":"Lidl Schweiz stellt Weltrekord mit gr\u00f6sster Cervelat-K\u00e4se-Salat auf"},"content":{"rendered":"<p><img decoding=\"async\" src=\"\" alt=\"Cervelat-K\u00e4se-Salat Weltrekord\" class=\"alignnone size-full\" \/><em>Quelle: zvg<\/em><\/p>\n<p>Lidl Schweiz schreibt Kulinarikgeschichte: Am 26. September 2025 stellte der Detailh\u00e4ndler gemeinsam mit TV-Koch und Lidl-Markenbotschafter Ren\u00e9 Schudel einen neuen Guinness-Weltrekord auf. Mit einem Gesamtgewicht von 264,5 Kilogramm wurde in Weinfelden der gr\u00f6sste Cervelat-K\u00e4se-Salat der Welt zubereitet.<\/p>\n<p>Der Cervelat-K\u00e4se-Salat, der zur Schweizer Kultur geh\u00f6rt wie Schokolade und Sackmesser, wurde mit ausschliesslich Schweizer Hauptzutaten hergestellt: rund 96 Kilogramm Cervelat, 80 Kilogramm K\u00e4se und 32 Kilogramm Zwiebeln. Erg\u00e4nzt durch Schnittlauch, Essig, \u00d6l und verschiedene Gew\u00fcrze \u00fcbertraf der Salat die Mindestanforderung von Guinness World Records um 14,5 Kilogramm.<\/p>\n<p>\u00abDer Cervelat-K\u00e4se-Salat ist ein Schweizer Klassiker. Mit dem neuen Weltrekord erh\u00e4lt er endlich die Anerkennung, die er verdient. Wir sind besonders stolz darauf, einen Weltrekord nach Weinfelden geholt zu haben und dabei auf Schweizer Qualit\u00e4t mit unseren regionalen Zutaten setzen zu k\u00f6nnen\u00bb, sagt Nathalie Forrer, Head of Marketing bei Lidl Schweiz.<\/p>\n<h2>Verteilaktion an der WEGA<\/h2>\n<p>Nach der offiziellen Validierung durch Guinness World Records wird Lidl Schweiz am 27. September an der WEGA, der gr\u00f6ssten Publikumsmesse des Kantons Thurgau, \u00fcber 2000 Gratisportionen des Rekord-Salats verteilen. Als Hauptsponsor der WEGA unterstreicht der Detailh\u00e4ndler damit sein Engagement f\u00fcr den Heimatkanton Thurgau. Am Messestand pr\u00e4sentiert Lidl Schweiz zudem die neue Eigenmarke \u00abQualit\u00e4t Schweiz\u00bb.<\/p>\n","protected":false},"excerpt":{"rendered":"<p>In Zusammenarbeit mit TV-Koch Ren\u00e9 Schudel hat Lidl Schweiz einen Weltrekord aufgestellt: Der gr\u00f6sste Cervelat-K\u00e4se-Salat der Welt wiegt 264,5 Kilogramm. Der Rekordversuch ist Teil der Kampagne f\u00fcr die neue Eigenmarke \u00abQualit\u00e4t Schweiz\u00bb.<\/p>\n","protected":false},"author":3231,"featured_media":0,"comment_status":"closed","ping_status":"closed","sticky":false,"template":"","format":"standard","meta":{"_acf_changed":false,"_yoast_wpseo_focuskw":"","_yoast_wpseo_metadesc":"","footnotes":""},"categories":[],"tags":[],"class_list":["post-25856","post","type-post","status-publish","format-standard","hentry"],"acf":[],"yoast_head":"<!-- This site is optimized with the Yoast SEO plugin v27.4 - https:\/\/yoast.com\/product\/yoast-seo-wordpress\/ -->\n<title>Lidl Schweiz stellt Weltrekord mit gr\u00f6sster Cervelat-K\u00e4se-Salat auf - autoeditor.fachbau.ch<\/title>\n<meta name=\"robots\" content=\"index, follow, max-snippet:-1, max-image-preview:large, max-video-preview:-1\" \/>\n<link rel=\"canonical\" href=\"https:\/\/autoeditor.fachbau.ch\/de\/intelligent-bauen\/2025-09-29\/lidl-schweiz-stellt-weltrekord-mit-groesster-cervelat-kaese-salat-auf-2\/\" \/>\n<meta property=\"og:locale\" content=\"de_DE\" \/>\n<meta property=\"og:type\" content=\"article\" \/>\n<meta property=\"og:title\" content=\"Lidl Schweiz stellt Weltrekord mit gr\u00f6sster Cervelat-K\u00e4se-Salat auf - autoeditor.fachbau.ch\" \/>\n<meta property=\"og:description\" content=\"In Zusammenarbeit mit TV-Koch Ren\u00e9 Schudel hat Lidl Schweiz einen Weltrekord aufgestellt: Der gr\u00f6sste Cervelat-K\u00e4se-Salat der Welt wiegt 264,5 Kilogramm. Der Rekordversuch ist Teil der Kampagne f\u00fcr die neue Eigenmarke \u00abQualit\u00e4t Schweiz\u00bb.\" \/>\n<meta property=\"og:url\" content=\"https:\/\/autoeditor.fachbau.ch\/de\/intelligent-bauen\/2025-09-29\/lidl-schweiz-stellt-weltrekord-mit-groesster-cervelat-kaese-salat-auf-2\/\" \/>\n<meta property=\"og:site_name\" content=\"autoeditor.fachbau.ch\" \/>\n<meta property=\"article:published_time\" content=\"2025-09-29T07:48:38+00:00\" \/>\n<meta name=\"author\" content=\"n8n\" \/>\n<meta name=\"twitter:card\" content=\"summary_large_image\" \/>\n<meta name=\"twitter:label1\" content=\"Verfasst von\" \/>\n\t<meta name=\"twitter:data1\" content=\"n8n\" \/>\n\t<meta name=\"twitter:label2\" content=\"Gesch\u00e4tzte Lesezeit\" \/>\n\t<meta name=\"twitter:data2\" content=\"1\u00a0Minute\" \/>\n<script type=\"application\/ld+json\" class=\"yoast-schema-graph\">{\"@context\":\"https:\\\/\\\/schema.org\",\"@graph\":[{\"@type\":\"Article\",\"@id\":\"https:\\\/\\\/autoeditor.fachbau.ch\\\/de\\\/intelligent-bauen\\\/2025-09-29\\\/lidl-schweiz-stellt-weltrekord-mit-groesster-cervelat-kaese-salat-auf-2\\\/#article\",\"isPartOf\":{\"@id\":\"https:\\\/\\\/autoeditor.fachbau.ch\\\/de\\\/intelligent-bauen\\\/2025-09-29\\\/lidl-schweiz-stellt-weltrekord-mit-groesster-cervelat-kaese-salat-auf-2\\\/\"},\"author\":{\"name\":\"n8n\",\"@id\":\"https:\\\/\\\/autoeditor.fachbau.ch\\\/#\\\/schema\\\/person\\\/3d4d3579814f749cfabeb517dd65ca3b\"},\"headline\":\"Lidl Schweiz stellt Weltrekord mit gr\u00f6sster Cervelat-K\u00e4se-Salat auf\",\"datePublished\":\"2025-09-29T07:48:38+00:00\",\"mainEntityOfPage\":{\"@id\":\"https:\\\/\\\/autoeditor.fachbau.ch\\\/de\\\/intelligent-bauen\\\/2025-09-29\\\/lidl-schweiz-stellt-weltrekord-mit-groesster-cervelat-kaese-salat-auf-2\\\/\"},\"wordCount\":214,\"publisher\":{\"@id\":\"https:\\\/\\\/autoeditor.fachbau.ch\\\/#organization\"},\"inLanguage\":\"de\"},{\"@type\":\"WebPage\",\"@id\":\"https:\\\/\\\/autoeditor.fachbau.ch\\\/de\\\/intelligent-bauen\\\/2025-09-29\\\/lidl-schweiz-stellt-weltrekord-mit-groesster-cervelat-kaese-salat-auf-2\\\/\",\"url\":\"https:\\\/\\\/autoeditor.fachbau.ch\\\/de\\\/intelligent-bauen\\\/2025-09-29\\\/lidl-schweiz-stellt-weltrekord-mit-groesster-cervelat-kaese-salat-auf-2\\\/\",\"name\":\"Lidl Schweiz stellt Weltrekord mit gr\u00f6sster Cervelat-K\u00e4se-Salat auf - autoeditor.fachbau.ch\",\"isPartOf\":{\"@id\":\"https:\\\/\\\/autoeditor.fachbau.ch\\\/#website\"},\"datePublished\":\"2025-09-29T07:48:38+00:00\",\"breadcrumb\":{\"@id\":\"https:\\\/\\\/autoeditor.fachbau.ch\\\/de\\\/intelligent-bauen\\\/2025-09-29\\\/lidl-schweiz-stellt-weltrekord-mit-groesster-cervelat-kaese-salat-auf-2\\\/#breadcrumb\"},\"inLanguage\":\"de\",\"potentialAction\":[{\"@type\":\"ReadAction\",\"target\":[\"https:\\\/\\\/autoeditor.fachbau.ch\\\/de\\\/intelligent-bauen\\\/2025-09-29\\\/lidl-schweiz-stellt-weltrekord-mit-groesster-cervelat-kaese-salat-auf-2\\\/\"]}]},{\"@type\":\"BreadcrumbList\",\"@id\":\"https:\\\/\\\/autoeditor.fachbau.ch\\\/de\\\/intelligent-bauen\\\/2025-09-29\\\/lidl-schweiz-stellt-weltrekord-mit-groesster-cervelat-kaese-salat-auf-2\\\/#breadcrumb\",\"itemListElement\":[{\"@type\":\"ListItem\",\"position\":1,\"name\":\"Startseite\",\"item\":\"https:\\\/\\\/autoeditor.fachbau.ch\\\/\"},{\"@type\":\"ListItem\",\"position\":2,\"name\":\"Lidl Schweiz stellt Weltrekord mit gr\u00f6sster Cervelat-K\u00e4se-Salat auf\"}]},{\"@type\":\"WebSite\",\"@id\":\"https:\\\/\\\/autoeditor.fachbau.ch\\\/#website\",\"url\":\"https:\\\/\\\/autoeditor.fachbau.ch\\\/\",\"name\":\"autoeditor.fachbau.ch\",\"description\":\"\",\"publisher\":{\"@id\":\"https:\\\/\\\/autoeditor.fachbau.ch\\\/#organization\"},\"potentialAction\":[{\"@type\":\"SearchAction\",\"target\":{\"@type\":\"EntryPoint\",\"urlTemplate\":\"https:\\\/\\\/autoeditor.fachbau.ch\\\/?s={search_term_string}\"},\"query-input\":{\"@type\":\"PropertyValueSpecification\",\"valueRequired\":true,\"valueName\":\"search_term_string\"}}],\"inLanguage\":\"de\"},{\"@type\":\"Organization\",\"@id\":\"https:\\\/\\\/autoeditor.fachbau.ch\\\/#organization\",\"name\":\"autoeditor.fachbau.ch\",\"url\":\"https:\\\/\\\/autoeditor.fachbau.ch\\\/\",\"logo\":{\"@type\":\"ImageObject\",\"inLanguage\":\"de\",\"@id\":\"https:\\\/\\\/autoeditor.fachbau.ch\\\/#\\\/schema\\\/logo\\\/image\\\/\",\"url\":\"https:\\\/\\\/autoeditor.fachbau.ch\\\/wp-content\\\/uploads\\\/2025\\\/05\\\/logo.svg\",\"contentUrl\":\"https:\\\/\\\/autoeditor.fachbau.ch\\\/wp-content\\\/uploads\\\/2025\\\/05\\\/logo.svg\",\"width\":763,\"height\":536,\"caption\":\"autoeditor.fachbau.ch\"},\"image\":{\"@id\":\"https:\\\/\\\/autoeditor.fachbau.ch\\\/#\\\/schema\\\/logo\\\/image\\\/\"}},{\"@type\":\"Person\",\"@id\":\"https:\\\/\\\/autoeditor.fachbau.ch\\\/#\\\/schema\\\/person\\\/3d4d3579814f749cfabeb517dd65ca3b\",\"name\":\"n8n\",\"image\":{\"@type\":\"ImageObject\",\"inLanguage\":\"de\",\"@id\":\"https:\\\/\\\/secure.gravatar.com\\\/avatar\\\/78a7f90c01fc2bfc875782a0d4922b37cde2cf184ce347b91316d23cd7f69a36?s=96&d=mm&r=g\",\"url\":\"https:\\\/\\\/secure.gravatar.com\\\/avatar\\\/78a7f90c01fc2bfc875782a0d4922b37cde2cf184ce347b91316d23cd7f69a36?s=96&d=mm&r=g\",\"contentUrl\":\"https:\\\/\\\/secure.gravatar.com\\\/avatar\\\/78a7f90c01fc2bfc875782a0d4922b37cde2cf184ce347b91316d23cd7f69a36?s=96&d=mm&r=g\",\"caption\":\"n8n\"},\"url\":\"https:\\\/\\\/autoeditor.fachbau.ch\\\/de\\\/author\\\/n8n\\\/\"}]}<\/script>\n<!-- \/ Yoast SEO plugin. -->","yoast_head_json":{"title":"Lidl Schweiz stellt Weltrekord mit gr\u00f6sster Cervelat-K\u00e4se-Salat auf - autoeditor.fachbau.ch","robots":{"index":"index","follow":"follow","max-snippet":"max-snippet:-1","max-image-preview":"max-image-preview:large","max-video-preview":"max-video-preview:-1"},"canonical":"https:\/\/autoeditor.fachbau.ch\/de\/intelligent-bauen\/2025-09-29\/lidl-schweiz-stellt-weltrekord-mit-groesster-cervelat-kaese-salat-auf-2\/","og_locale":"de_DE","og_type":"article","og_title":"Lidl Schweiz stellt Weltrekord mit gr\u00f6sster Cervelat-K\u00e4se-Salat auf - autoeditor.fachbau.ch","og_description":"In Zusammenarbeit mit TV-Koch Ren\u00e9 Schudel hat Lidl Schweiz einen Weltrekord aufgestellt: Der gr\u00f6sste Cervelat-K\u00e4se-Salat der Welt wiegt 264,5 Kilogramm. Der Rekordversuch ist Teil der Kampagne f\u00fcr die neue Eigenmarke \u00abQualit\u00e4t Schweiz\u00bb.","og_url":"https:\/\/autoeditor.fachbau.ch\/de\/intelligent-bauen\/2025-09-29\/lidl-schweiz-stellt-weltrekord-mit-groesster-cervelat-kaese-salat-auf-2\/","og_site_name":"autoeditor.fachbau.ch","article_published_time":"2025-09-29T07:48:38+00:00","author":"n8n","twitter_card":"summary_large_image","twitter_misc":{"Verfasst von":"n8n","Gesch\u00e4tzte Lesezeit":"1\u00a0Minute"},"schema":{"@context":"https:\/\/schema.org","@graph":[{"@type":"Article","@id":"https:\/\/autoeditor.fachbau.ch\/de\/intelligent-bauen\/2025-09-29\/lidl-schweiz-stellt-weltrekord-mit-groesster-cervelat-kaese-salat-auf-2\/#article","isPartOf":{"@id":"https:\/\/autoeditor.fachbau.ch\/de\/intelligent-bauen\/2025-09-29\/lidl-schweiz-stellt-weltrekord-mit-groesster-cervelat-kaese-salat-auf-2\/"},"author":{"name":"n8n","@id":"https:\/\/autoeditor.fachbau.ch\/#\/schema\/person\/3d4d3579814f749cfabeb517dd65ca3b"},"headline":"Lidl Schweiz stellt Weltrekord mit gr\u00f6sster Cervelat-K\u00e4se-Salat auf","datePublished":"2025-09-29T07:48:38+00:00","mainEntityOfPage":{"@id":"https:\/\/autoeditor.fachbau.ch\/de\/intelligent-bauen\/2025-09-29\/lidl-schweiz-stellt-weltrekord-mit-groesster-cervelat-kaese-salat-auf-2\/"},"wordCount":214,"publisher":{"@id":"https:\/\/autoeditor.fachbau.ch\/#organization"},"inLanguage":"de"},{"@type":"WebPage","@id":"https:\/\/autoeditor.fachbau.ch\/de\/intelligent-bauen\/2025-09-29\/lidl-schweiz-stellt-weltrekord-mit-groesster-cervelat-kaese-salat-auf-2\/","url":"https:\/\/autoeditor.fachbau.ch\/de\/intelligent-bauen\/2025-09-29\/lidl-schweiz-stellt-weltrekord-mit-groesster-cervelat-kaese-salat-auf-2\/","name":"Lidl Schweiz stellt Weltrekord mit gr\u00f6sster Cervelat-K\u00e4se-Salat auf - autoeditor.fachbau.ch","isPartOf":{"@id":"https:\/\/autoeditor.fachbau.ch\/#website"},"datePublished":"2025-09-29T07:48:38+00:00","breadcrumb":{"@id":"https:\/\/autoeditor.fachbau.ch\/de\/intelligent-bauen\/2025-09-29\/lidl-schweiz-stellt-weltrekord-mit-groesster-cervelat-kaese-salat-auf-2\/#breadcrumb"},"inLanguage":"de","potentialAction":[{"@type":"ReadAction","target":["https:\/\/autoeditor.fachbau.ch\/de\/intelligent-bauen\/2025-09-29\/lidl-schweiz-stellt-weltrekord-mit-groesster-cervelat-kaese-salat-auf-2\/"]}]},{"@type":"BreadcrumbList","@id":"https:\/\/autoeditor.fachbau.ch\/de\/intelligent-bauen\/2025-09-29\/lidl-schweiz-stellt-weltrekord-mit-groesster-cervelat-kaese-salat-auf-2\/#breadcrumb","itemListElement":[{"@type":"ListItem","position":1,"name":"Startseite","item":"https:\/\/autoeditor.fachbau.ch\/"},{"@type":"ListItem","position":2,"name":"Lidl Schweiz stellt Weltrekord mit gr\u00f6sster Cervelat-K\u00e4se-Salat auf"}]},{"@type":"WebSite","@id":"https:\/\/autoeditor.fachbau.ch\/#website","url":"https:\/\/autoeditor.fachbau.ch\/","name":"autoeditor.fachbau.ch","description":"","publisher":{"@id":"https:\/\/autoeditor.fachbau.ch\/#organization"},"potentialAction":[{"@type":"SearchAction","target":{"@type":"EntryPoint","urlTemplate":"https:\/\/autoeditor.fachbau.ch\/?s={search_term_string}"},"query-input":{"@type":"PropertyValueSpecification","valueRequired":true,"valueName":"search_term_string"}}],"inLanguage":"de"},{"@type":"Organization","@id":"https:\/\/autoeditor.fachbau.ch\/#organization","name":"autoeditor.fachbau.ch","url":"https:\/\/autoeditor.fachbau.ch\/","logo":{"@type":"ImageObject","inLanguage":"de","@id":"https:\/\/autoeditor.fachbau.ch\/#\/schema\/logo\/image\/","url":"https:\/\/autoeditor.fachbau.ch\/wp-content\/uploads\/2025\/05\/logo.svg","contentUrl":"https:\/\/autoeditor.fachbau.ch\/wp-content\/uploads\/2025\/05\/logo.svg","width":763,"height":536,"caption":"autoeditor.fachbau.ch"},"image":{"@id":"https:\/\/autoeditor.fachbau.ch\/#\/schema\/logo\/image\/"}},{"@type":"Person","@id":"https:\/\/autoeditor.fachbau.ch\/#\/schema\/person\/3d4d3579814f749cfabeb517dd65ca3b","name":"n8n","image":{"@type":"ImageObject","inLanguage":"de","@id":"https:\/\/secure.gravatar.com\/avatar\/78a7f90c01fc2bfc875782a0d4922b37cde2cf184ce347b91316d23cd7f69a36?s=96&d=mm&r=g","url":"https:\/\/secure.gravatar.com\/avatar\/78a7f90c01fc2bfc875782a0d4922b37cde2cf184ce347b91316d23cd7f69a36?s=96&d=mm&r=g","contentUrl":"https:\/\/secure.gravatar.com\/avatar\/78a7f90c01fc2bfc875782a0d4922b37cde2cf184ce347b91316d23cd7f69a36?s=96&d=mm&r=g","caption":"n8n"},"url":"https:\/\/autoeditor.fachbau.ch\/de\/author\/n8n\/"}]}},"_links":{"self":[{"href":"https:\/\/autoeditor.fachbau.ch\/de\/wp-json\/wp\/v2\/posts\/25856","targetHints":{"allow":["GET"]}}],"collection":[{"href":"https:\/\/autoeditor.fachbau.ch\/de\/wp-json\/wp\/v2\/posts"}],"about":[{"href":"https:\/\/autoeditor.fachbau.ch\/de\/wp-json\/wp\/v2\/types\/post"}],"author":[{"embeddable":true,"href":"https:\/\/autoeditor.fachbau.ch\/de\/wp-json\/wp\/v2\/users\/3231"}],"replies":[{"embeddable":true,"href":"https:\/\/autoeditor.fachbau.ch\/de\/wp-json\/wp\/v2\/comments?post=25856"}],"version-history":[{"count":0,"href":"https:\/\/autoeditor.fachbau.ch\/de\/wp-json\/wp\/v2\/posts\/25856\/revisions"}],"wp:attachment":[{"href":"https:\/\/autoeditor.fachbau.ch\/de\/wp-json\/wp\/v2\/media?parent=25856"}],"wp:term":[{"taxonomy":"category","embeddable":true,"href":"https:\/\/autoeditor.fachbau.ch\/de\/wp-json\/wp\/v2\/categories?post=25856"},{"taxonomy":"post_tag","embeddable":true,"href":"https:\/\/autoeditor.fachbau.ch\/de\/wp-json\/wp\/v2\/tags?post=25856"}],"curies":[{"name":"wp","href":"https:\/\/api.w.org\/{rel}","templated":true}]}}