{"id":25881,"date":"2025-09-29T16:56:00","date_gmt":"2025-09-29T14:56:00","guid":{"rendered":"https:\/\/autoeditor.fachbau.ch\/de\/intelligent-bauen\/2025-09-29\/vintage-radio-lanciert-neue-morningshow-mit-starbesetzung\/"},"modified":"2025-09-29T16:56:00","modified_gmt":"2025-09-29T14:56:00","slug":"vintage-radio-lanciert-neue-morningshow-mit-starbesetzung","status":"publish","type":"post","link":"https:\/\/autoeditor.fachbau.ch\/de\/intelligent-bauen\/2025-09-29\/vintage-radio-lanciert-neue-morningshow-mit-starbesetzung\/","title":{"rendered":"Vintage Radio lanciert neue Morningshow mit Starbesetzung"},"content":{"rendered":"<figure><img decoding=\"async\" src=\"https:\/\/autoeditor.fachbau.ch\/wp-content\/uploads\/2025\/09\/2ac4345f-aa05-05b0-1d95-ba1a84a3144f.jpg\" alt=\"Vintage Radio startet neue Morningshow mit Melanie Winiger, Anna Maier und Joel Grolimund\"\/><\/figure>\n<p>Vintage Radio pr\u00e4sentiert zum 10-j\u00e4hrigen Jubil\u00e4um eine spektakul\u00e4re Programmreform: Die new Morningshow wird k\u00fcnftig von den national bekannten Gr\u00f6ssen Melanie Winiger, Anna Maier und Joel Grolimund moderiert. Von Montag bis Freitag zwischen 05:00 und 09:00 Uhr begleitet das prominente Trio die H\u00f6rerschaft durch den Morgen.<\/p>\n<p>Die neue Show bildet das Herzst\u00fcck der Programmreform. Anna Maier und Joel Grolimund werden die Moderation im w\u00f6chentlichen Wechsel \u00fcbernehmen, w\u00e4hrend Melanie Winiger jeweils dienstags die Sendung leitet. Mit einem schlanken Wortanteil und den gr\u00f6ssten Hits der 70er, 80er und 90er Jahre verspricht das Format eine perfekte Mischung aus Relevanz und N\u00e4he.<\/p>\n<p>\u00abEs war uns wichtig, Pers\u00f6nlichkeiten zu finden, die perfekt zu Vintage Radio passen und auch eine echte Verbindung zu unserer Community herstellen k\u00f6nnen\u00bb, erkl\u00e4rt Pascal Aminzadeh, Chief Audio Officer. Die neue Morgenshow werde genau diese Mischung aus Relevanz und N\u00e4he bieten, die sich die H\u00f6rerinnen und H\u00f6rer w\u00fcnschen.<\/p>\n<figure><img decoding=\"async\" src=\"https:\/\/autoeditor.fachbau.ch\/wp-content\/uploads\/2025\/09\/f5daa5ad-18be-9f41-e203-466add11b16a.png\" alt=\"Das neue Moderationsteam der Vintage Radio Morningshow\" \/><\/figure>\n<p>Kevin Gander, CEO von Energy Schweiz, unterstreicht die Ambitionen des Senders: \u00abWir haben grosse Ambitionen f\u00fcr Vintage Radio. Mit Melanie Winiger, Anna Maier und Joel Grolimund unterstreichen wir diesen Anspruch und gehen den n\u00e4chsten Schritt, um eine Experience zu schaffen, die \u00fcber das reine Radioh\u00f6ren hinausgeht.\u00bb Das Trio werde die Community in eine Welt mitnehmen, in der die \u00abSongs deines Lebens\u00bb nicht nur gespielt, sondern auch neu erlebt werden.<\/p>\n<p>Die neue Morgenshow startet am 17. November 2025.<\/p>\n","protected":false},"excerpt":{"rendered":"<p>Vintage Radio startet am 17. November mit einem prominenten Trio in den Tag: Die neue Morningshow wird von Melanie Winiger, Anna Maier und Joel Grolimund moderiert. Das Programm verspricht eine Mischung aus relevanten Inhalten, pers\u00f6nlichen Geschichten und den gr\u00f6ssten Hits der 70er, 80er und 90er.<\/p>\n","protected":false},"author":3231,"featured_media":0,"comment_status":"closed","ping_status":"closed","sticky":false,"template":"","format":"standard","meta":{"_acf_changed":false,"_yoast_wpseo_focuskw":"","_yoast_wpseo_metadesc":"","footnotes":""},"categories":[],"tags":[],"class_list":["post-25881","post","type-post","status-publish","format-standard","hentry"],"acf":[],"yoast_head":"<!-- This site is optimized with the Yoast SEO plugin v27.4 - https:\/\/yoast.com\/product\/yoast-seo-wordpress\/ -->\n<title>Vintage Radio lanciert neue Morningshow mit Starbesetzung - autoeditor.fachbau.ch<\/title>\n<meta name=\"robots\" content=\"index, follow, max-snippet:-1, max-image-preview:large, max-video-preview:-1\" \/>\n<link rel=\"canonical\" href=\"https:\/\/autoeditor.fachbau.ch\/de\/intelligent-bauen\/2025-09-29\/vintage-radio-lanciert-neue-morningshow-mit-starbesetzung\/\" \/>\n<meta property=\"og:locale\" content=\"de_DE\" \/>\n<meta property=\"og:type\" content=\"article\" \/>\n<meta property=\"og:title\" content=\"Vintage Radio lanciert neue Morningshow mit Starbesetzung - autoeditor.fachbau.ch\" \/>\n<meta property=\"og:description\" content=\"Vintage Radio startet am 17. November mit einem prominenten Trio in den Tag: Die neue Morningshow wird von Melanie Winiger, Anna Maier und Joel Grolimund moderiert. Das Programm verspricht eine Mischung aus relevanten Inhalten, pers\u00f6nlichen Geschichten und den gr\u00f6ssten Hits der 70er, 80er und 90er.\" \/>\n<meta property=\"og:url\" content=\"https:\/\/autoeditor.fachbau.ch\/de\/intelligent-bauen\/2025-09-29\/vintage-radio-lanciert-neue-morningshow-mit-starbesetzung\/\" \/>\n<meta property=\"og:site_name\" content=\"autoeditor.fachbau.ch\" \/>\n<meta property=\"article:published_time\" content=\"2025-09-29T14:56:00+00:00\" \/>\n<meta property=\"og:image\" content=\"https:\/\/autoeditor.fachbau.ch\/wp-content\/uploads\/2025\/09\/2ac4345f-aa05-05b0-1d95-ba1a84a3144f.jpg\" \/>\n<meta name=\"author\" content=\"n8n\" \/>\n<meta name=\"twitter:card\" content=\"summary_large_image\" \/>\n<meta name=\"twitter:label1\" content=\"Verfasst von\" \/>\n\t<meta name=\"twitter:data1\" content=\"n8n\" \/>\n\t<meta name=\"twitter:label2\" content=\"Gesch\u00e4tzte Lesezeit\" \/>\n\t<meta name=\"twitter:data2\" content=\"1\u00a0Minute\" \/>\n<script type=\"application\/ld+json\" class=\"yoast-schema-graph\">{\"@context\":\"https:\\\/\\\/schema.org\",\"@graph\":[{\"@type\":\"Article\",\"@id\":\"https:\\\/\\\/autoeditor.fachbau.ch\\\/de\\\/intelligent-bauen\\\/2025-09-29\\\/vintage-radio-lanciert-neue-morningshow-mit-starbesetzung\\\/#article\",\"isPartOf\":{\"@id\":\"https:\\\/\\\/autoeditor.fachbau.ch\\\/de\\\/intelligent-bauen\\\/2025-09-29\\\/vintage-radio-lanciert-neue-morningshow-mit-starbesetzung\\\/\"},\"author\":{\"name\":\"n8n\",\"@id\":\"https:\\\/\\\/autoeditor.fachbau.ch\\\/#\\\/schema\\\/person\\\/3d4d3579814f749cfabeb517dd65ca3b\"},\"headline\":\"Vintage Radio lanciert neue Morningshow mit Starbesetzung\",\"datePublished\":\"2025-09-29T14:56:00+00:00\",\"mainEntityOfPage\":{\"@id\":\"https:\\\/\\\/autoeditor.fachbau.ch\\\/de\\\/intelligent-bauen\\\/2025-09-29\\\/vintage-radio-lanciert-neue-morningshow-mit-starbesetzung\\\/\"},\"wordCount\":247,\"publisher\":{\"@id\":\"https:\\\/\\\/autoeditor.fachbau.ch\\\/#organization\"},\"image\":{\"@id\":\"https:\\\/\\\/autoeditor.fachbau.ch\\\/de\\\/intelligent-bauen\\\/2025-09-29\\\/vintage-radio-lanciert-neue-morningshow-mit-starbesetzung\\\/#primaryimage\"},\"thumbnailUrl\":\"https:\\\/\\\/autoeditor.fachbau.ch\\\/wp-content\\\/uploads\\\/2025\\\/09\\\/2ac4345f-aa05-05b0-1d95-ba1a84a3144f.jpg\",\"inLanguage\":\"de\"},{\"@type\":\"WebPage\",\"@id\":\"https:\\\/\\\/autoeditor.fachbau.ch\\\/de\\\/intelligent-bauen\\\/2025-09-29\\\/vintage-radio-lanciert-neue-morningshow-mit-starbesetzung\\\/\",\"url\":\"https:\\\/\\\/autoeditor.fachbau.ch\\\/de\\\/intelligent-bauen\\\/2025-09-29\\\/vintage-radio-lanciert-neue-morningshow-mit-starbesetzung\\\/\",\"name\":\"Vintage Radio lanciert neue Morningshow mit Starbesetzung - autoeditor.fachbau.ch\",\"isPartOf\":{\"@id\":\"https:\\\/\\\/autoeditor.fachbau.ch\\\/#website\"},\"primaryImageOfPage\":{\"@id\":\"https:\\\/\\\/autoeditor.fachbau.ch\\\/de\\\/intelligent-bauen\\\/2025-09-29\\\/vintage-radio-lanciert-neue-morningshow-mit-starbesetzung\\\/#primaryimage\"},\"image\":{\"@id\":\"https:\\\/\\\/autoeditor.fachbau.ch\\\/de\\\/intelligent-bauen\\\/2025-09-29\\\/vintage-radio-lanciert-neue-morningshow-mit-starbesetzung\\\/#primaryimage\"},\"thumbnailUrl\":\"https:\\\/\\\/autoeditor.fachbau.ch\\\/wp-content\\\/uploads\\\/2025\\\/09\\\/2ac4345f-aa05-05b0-1d95-ba1a84a3144f.jpg\",\"datePublished\":\"2025-09-29T14:56:00+00:00\",\"breadcrumb\":{\"@id\":\"https:\\\/\\\/autoeditor.fachbau.ch\\\/de\\\/intelligent-bauen\\\/2025-09-29\\\/vintage-radio-lanciert-neue-morningshow-mit-starbesetzung\\\/#breadcrumb\"},\"inLanguage\":\"de\",\"potentialAction\":[{\"@type\":\"ReadAction\",\"target\":[\"https:\\\/\\\/autoeditor.fachbau.ch\\\/de\\\/intelligent-bauen\\\/2025-09-29\\\/vintage-radio-lanciert-neue-morningshow-mit-starbesetzung\\\/\"]}]},{\"@type\":\"ImageObject\",\"inLanguage\":\"de\",\"@id\":\"https:\\\/\\\/autoeditor.fachbau.ch\\\/de\\\/intelligent-bauen\\\/2025-09-29\\\/vintage-radio-lanciert-neue-morningshow-mit-starbesetzung\\\/#primaryimage\",\"url\":\"https:\\\/\\\/autoeditor.fachbau.ch\\\/wp-content\\\/uploads\\\/2025\\\/09\\\/2ac4345f-aa05-05b0-1d95-ba1a84a3144f.jpg\",\"contentUrl\":\"https:\\\/\\\/autoeditor.fachbau.ch\\\/wp-content\\\/uploads\\\/2025\\\/09\\\/2ac4345f-aa05-05b0-1d95-ba1a84a3144f.jpg\"},{\"@type\":\"BreadcrumbList\",\"@id\":\"https:\\\/\\\/autoeditor.fachbau.ch\\\/de\\\/intelligent-bauen\\\/2025-09-29\\\/vintage-radio-lanciert-neue-morningshow-mit-starbesetzung\\\/#breadcrumb\",\"itemListElement\":[{\"@type\":\"ListItem\",\"position\":1,\"name\":\"Startseite\",\"item\":\"https:\\\/\\\/autoeditor.fachbau.ch\\\/\"},{\"@type\":\"ListItem\",\"position\":2,\"name\":\"Vintage Radio lanciert neue Morningshow mit Starbesetzung\"}]},{\"@type\":\"WebSite\",\"@id\":\"https:\\\/\\\/autoeditor.fachbau.ch\\\/#website\",\"url\":\"https:\\\/\\\/autoeditor.fachbau.ch\\\/\",\"name\":\"autoeditor.fachbau.ch\",\"description\":\"\",\"publisher\":{\"@id\":\"https:\\\/\\\/autoeditor.fachbau.ch\\\/#organization\"},\"potentialAction\":[{\"@type\":\"SearchAction\",\"target\":{\"@type\":\"EntryPoint\",\"urlTemplate\":\"https:\\\/\\\/autoeditor.fachbau.ch\\\/?s={search_term_string}\"},\"query-input\":{\"@type\":\"PropertyValueSpecification\",\"valueRequired\":true,\"valueName\":\"search_term_string\"}}],\"inLanguage\":\"de\"},{\"@type\":\"Organization\",\"@id\":\"https:\\\/\\\/autoeditor.fachbau.ch\\\/#organization\",\"name\":\"autoeditor.fachbau.ch\",\"url\":\"https:\\\/\\\/autoeditor.fachbau.ch\\\/\",\"logo\":{\"@type\":\"ImageObject\",\"inLanguage\":\"de\",\"@id\":\"https:\\\/\\\/autoeditor.fachbau.ch\\\/#\\\/schema\\\/logo\\\/image\\\/\",\"url\":\"https:\\\/\\\/autoeditor.fachbau.ch\\\/wp-content\\\/uploads\\\/2025\\\/05\\\/logo.svg\",\"contentUrl\":\"https:\\\/\\\/autoeditor.fachbau.ch\\\/wp-content\\\/uploads\\\/2025\\\/05\\\/logo.svg\",\"width\":763,\"height\":536,\"caption\":\"autoeditor.fachbau.ch\"},\"image\":{\"@id\":\"https:\\\/\\\/autoeditor.fachbau.ch\\\/#\\\/schema\\\/logo\\\/image\\\/\"}},{\"@type\":\"Person\",\"@id\":\"https:\\\/\\\/autoeditor.fachbau.ch\\\/#\\\/schema\\\/person\\\/3d4d3579814f749cfabeb517dd65ca3b\",\"name\":\"n8n\",\"image\":{\"@type\":\"ImageObject\",\"inLanguage\":\"de\",\"@id\":\"https:\\\/\\\/secure.gravatar.com\\\/avatar\\\/78a7f90c01fc2bfc875782a0d4922b37cde2cf184ce347b91316d23cd7f69a36?s=96&d=mm&r=g\",\"url\":\"https:\\\/\\\/secure.gravatar.com\\\/avatar\\\/78a7f90c01fc2bfc875782a0d4922b37cde2cf184ce347b91316d23cd7f69a36?s=96&d=mm&r=g\",\"contentUrl\":\"https:\\\/\\\/secure.gravatar.com\\\/avatar\\\/78a7f90c01fc2bfc875782a0d4922b37cde2cf184ce347b91316d23cd7f69a36?s=96&d=mm&r=g\",\"caption\":\"n8n\"},\"url\":\"https:\\\/\\\/autoeditor.fachbau.ch\\\/de\\\/author\\\/n8n\\\/\"}]}<\/script>\n<!-- \/ Yoast SEO plugin. -->","yoast_head_json":{"title":"Vintage Radio lanciert neue Morningshow mit Starbesetzung - autoeditor.fachbau.ch","robots":{"index":"index","follow":"follow","max-snippet":"max-snippet:-1","max-image-preview":"max-image-preview:large","max-video-preview":"max-video-preview:-1"},"canonical":"https:\/\/autoeditor.fachbau.ch\/de\/intelligent-bauen\/2025-09-29\/vintage-radio-lanciert-neue-morningshow-mit-starbesetzung\/","og_locale":"de_DE","og_type":"article","og_title":"Vintage Radio lanciert neue Morningshow mit Starbesetzung - autoeditor.fachbau.ch","og_description":"Vintage Radio startet am 17. November mit einem prominenten Trio in den Tag: Die neue Morningshow wird von Melanie Winiger, Anna Maier und Joel Grolimund moderiert. Das Programm verspricht eine Mischung aus relevanten Inhalten, pers\u00f6nlichen Geschichten und den gr\u00f6ssten Hits der 70er, 80er und 90er.","og_url":"https:\/\/autoeditor.fachbau.ch\/de\/intelligent-bauen\/2025-09-29\/vintage-radio-lanciert-neue-morningshow-mit-starbesetzung\/","og_site_name":"autoeditor.fachbau.ch","article_published_time":"2025-09-29T14:56:00+00:00","og_image":[{"url":"https:\/\/autoeditor.fachbau.ch\/wp-content\/uploads\/2025\/09\/2ac4345f-aa05-05b0-1d95-ba1a84a3144f.jpg","type":"","width":"","height":""}],"author":"n8n","twitter_card":"summary_large_image","twitter_misc":{"Verfasst von":"n8n","Gesch\u00e4tzte Lesezeit":"1\u00a0Minute"},"schema":{"@context":"https:\/\/schema.org","@graph":[{"@type":"Article","@id":"https:\/\/autoeditor.fachbau.ch\/de\/intelligent-bauen\/2025-09-29\/vintage-radio-lanciert-neue-morningshow-mit-starbesetzung\/#article","isPartOf":{"@id":"https:\/\/autoeditor.fachbau.ch\/de\/intelligent-bauen\/2025-09-29\/vintage-radio-lanciert-neue-morningshow-mit-starbesetzung\/"},"author":{"name":"n8n","@id":"https:\/\/autoeditor.fachbau.ch\/#\/schema\/person\/3d4d3579814f749cfabeb517dd65ca3b"},"headline":"Vintage Radio lanciert neue Morningshow mit Starbesetzung","datePublished":"2025-09-29T14:56:00+00:00","mainEntityOfPage":{"@id":"https:\/\/autoeditor.fachbau.ch\/de\/intelligent-bauen\/2025-09-29\/vintage-radio-lanciert-neue-morningshow-mit-starbesetzung\/"},"wordCount":247,"publisher":{"@id":"https:\/\/autoeditor.fachbau.ch\/#organization"},"image":{"@id":"https:\/\/autoeditor.fachbau.ch\/de\/intelligent-bauen\/2025-09-29\/vintage-radio-lanciert-neue-morningshow-mit-starbesetzung\/#primaryimage"},"thumbnailUrl":"https:\/\/autoeditor.fachbau.ch\/wp-content\/uploads\/2025\/09\/2ac4345f-aa05-05b0-1d95-ba1a84a3144f.jpg","inLanguage":"de"},{"@type":"WebPage","@id":"https:\/\/autoeditor.fachbau.ch\/de\/intelligent-bauen\/2025-09-29\/vintage-radio-lanciert-neue-morningshow-mit-starbesetzung\/","url":"https:\/\/autoeditor.fachbau.ch\/de\/intelligent-bauen\/2025-09-29\/vintage-radio-lanciert-neue-morningshow-mit-starbesetzung\/","name":"Vintage Radio lanciert neue Morningshow mit Starbesetzung - autoeditor.fachbau.ch","isPartOf":{"@id":"https:\/\/autoeditor.fachbau.ch\/#website"},"primaryImageOfPage":{"@id":"https:\/\/autoeditor.fachbau.ch\/de\/intelligent-bauen\/2025-09-29\/vintage-radio-lanciert-neue-morningshow-mit-starbesetzung\/#primaryimage"},"image":{"@id":"https:\/\/autoeditor.fachbau.ch\/de\/intelligent-bauen\/2025-09-29\/vintage-radio-lanciert-neue-morningshow-mit-starbesetzung\/#primaryimage"},"thumbnailUrl":"https:\/\/autoeditor.fachbau.ch\/wp-content\/uploads\/2025\/09\/2ac4345f-aa05-05b0-1d95-ba1a84a3144f.jpg","datePublished":"2025-09-29T14:56:00+00:00","breadcrumb":{"@id":"https:\/\/autoeditor.fachbau.ch\/de\/intelligent-bauen\/2025-09-29\/vintage-radio-lanciert-neue-morningshow-mit-starbesetzung\/#breadcrumb"},"inLanguage":"de","potentialAction":[{"@type":"ReadAction","target":["https:\/\/autoeditor.fachbau.ch\/de\/intelligent-bauen\/2025-09-29\/vintage-radio-lanciert-neue-morningshow-mit-starbesetzung\/"]}]},{"@type":"ImageObject","inLanguage":"de","@id":"https:\/\/autoeditor.fachbau.ch\/de\/intelligent-bauen\/2025-09-29\/vintage-radio-lanciert-neue-morningshow-mit-starbesetzung\/#primaryimage","url":"https:\/\/autoeditor.fachbau.ch\/wp-content\/uploads\/2025\/09\/2ac4345f-aa05-05b0-1d95-ba1a84a3144f.jpg","contentUrl":"https:\/\/autoeditor.fachbau.ch\/wp-content\/uploads\/2025\/09\/2ac4345f-aa05-05b0-1d95-ba1a84a3144f.jpg"},{"@type":"BreadcrumbList","@id":"https:\/\/autoeditor.fachbau.ch\/de\/intelligent-bauen\/2025-09-29\/vintage-radio-lanciert-neue-morningshow-mit-starbesetzung\/#breadcrumb","itemListElement":[{"@type":"ListItem","position":1,"name":"Startseite","item":"https:\/\/autoeditor.fachbau.ch\/"},{"@type":"ListItem","position":2,"name":"Vintage Radio lanciert neue Morningshow mit Starbesetzung"}]},{"@type":"WebSite","@id":"https:\/\/autoeditor.fachbau.ch\/#website","url":"https:\/\/autoeditor.fachbau.ch\/","name":"autoeditor.fachbau.ch","description":"","publisher":{"@id":"https:\/\/autoeditor.fachbau.ch\/#organization"},"potentialAction":[{"@type":"SearchAction","target":{"@type":"EntryPoint","urlTemplate":"https:\/\/autoeditor.fachbau.ch\/?s={search_term_string}"},"query-input":{"@type":"PropertyValueSpecification","valueRequired":true,"valueName":"search_term_string"}}],"inLanguage":"de"},{"@type":"Organization","@id":"https:\/\/autoeditor.fachbau.ch\/#organization","name":"autoeditor.fachbau.ch","url":"https:\/\/autoeditor.fachbau.ch\/","logo":{"@type":"ImageObject","inLanguage":"de","@id":"https:\/\/autoeditor.fachbau.ch\/#\/schema\/logo\/image\/","url":"https:\/\/autoeditor.fachbau.ch\/wp-content\/uploads\/2025\/05\/logo.svg","contentUrl":"https:\/\/autoeditor.fachbau.ch\/wp-content\/uploads\/2025\/05\/logo.svg","width":763,"height":536,"caption":"autoeditor.fachbau.ch"},"image":{"@id":"https:\/\/autoeditor.fachbau.ch\/#\/schema\/logo\/image\/"}},{"@type":"Person","@id":"https:\/\/autoeditor.fachbau.ch\/#\/schema\/person\/3d4d3579814f749cfabeb517dd65ca3b","name":"n8n","image":{"@type":"ImageObject","inLanguage":"de","@id":"https:\/\/secure.gravatar.com\/avatar\/78a7f90c01fc2bfc875782a0d4922b37cde2cf184ce347b91316d23cd7f69a36?s=96&d=mm&r=g","url":"https:\/\/secure.gravatar.com\/avatar\/78a7f90c01fc2bfc875782a0d4922b37cde2cf184ce347b91316d23cd7f69a36?s=96&d=mm&r=g","contentUrl":"https:\/\/secure.gravatar.com\/avatar\/78a7f90c01fc2bfc875782a0d4922b37cde2cf184ce347b91316d23cd7f69a36?s=96&d=mm&r=g","caption":"n8n"},"url":"https:\/\/autoeditor.fachbau.ch\/de\/author\/n8n\/"}]}},"_links":{"self":[{"href":"https:\/\/autoeditor.fachbau.ch\/de\/wp-json\/wp\/v2\/posts\/25881","targetHints":{"allow":["GET"]}}],"collection":[{"href":"https:\/\/autoeditor.fachbau.ch\/de\/wp-json\/wp\/v2\/posts"}],"about":[{"href":"https:\/\/autoeditor.fachbau.ch\/de\/wp-json\/wp\/v2\/types\/post"}],"author":[{"embeddable":true,"href":"https:\/\/autoeditor.fachbau.ch\/de\/wp-json\/wp\/v2\/users\/3231"}],"replies":[{"embeddable":true,"href":"https:\/\/autoeditor.fachbau.ch\/de\/wp-json\/wp\/v2\/comments?post=25881"}],"version-history":[{"count":0,"href":"https:\/\/autoeditor.fachbau.ch\/de\/wp-json\/wp\/v2\/posts\/25881\/revisions"}],"wp:attachment":[{"href":"https:\/\/autoeditor.fachbau.ch\/de\/wp-json\/wp\/v2\/media?parent=25881"}],"wp:term":[{"taxonomy":"category","embeddable":true,"href":"https:\/\/autoeditor.fachbau.ch\/de\/wp-json\/wp\/v2\/categories?post=25881"},{"taxonomy":"post_tag","embeddable":true,"href":"https:\/\/autoeditor.fachbau.ch\/de\/wp-json\/wp\/v2\/tags?post=25881"}],"curies":[{"name":"wp","href":"https:\/\/api.w.org\/{rel}","templated":true}]}}